{"id":170757,"date":"2011-06-24T08:13:54","date_gmt":"2011-06-24T06:13:54","guid":{"rendered":"http:\/\/www.ivg.it\/?p=170757"},"modified":"2011-06-24T08:13:54","modified_gmt":"2011-06-24T06:13:54","slug":"gita-in-valle-arroscia-per-auto-e-moto-depoca","status":"publish","type":"post","link":"https:\/\/staging.ivg.it\/2011\/06\/gita-in-valle-arroscia-per-auto-e-moto-depoca\/","title":{"rendered":"&#8220;Gita in valle Arroscia&#8221; per auto e moto d&#8217;epoca"},"content":{"rendered":"<p><strong>Villanova d&#8217;Albenga.<\/strong> Da Villanova d&#8217;Albenga lungo l&#8217;Arroscia per scoprire le meraviglie della vallata dell&#8217;entroterra ingauno. Dopo la mostra scambio delle auto e delle moto d&#8217;epoca, che \u00e8 stato un vero successo di espositori e di pubblico, il mese di giugno si chiude domenica mattina con un&#8217;altra grande classica: la quindicesima edizione della &#8220;Gita in Valle Arroscia&#8221; riservata ad auto e moto d&#8217;epoca ante 1980.<\/p>\n<p>Non \u00e8 una semplice gita su due o quattro ruote, qualcosa di pi\u00f9 per il Ruote d&#8217;Epoca Riviera dei Fiori di Villanova d&#8217;Albenga. Si tratta infatti del memorial Angelo Biffi e Giancarlo Zerbone, due illustri soci del club che fondarono questo sodalizio di amici appassionati delle regine della strada. Il &#8220;rally storico&#8221; tra i tornanti dell&#8217;Arroscia inizier\u00e0 alle 8,30 con il ritrovo di tutti i partecipanti presso la sede del club in via Molinetto 25 al complesso fiori di pesco. Alle 10,30 \u00e8 prevista la partenza di tutte le auto per la passeggiata panoramica che porter\u00e0 automobilisti e motociclisti fino ad Arnasco. Qui verr\u00e0 offerto un aperitivo dopodich\u00e9 il viaggio proseguir\u00e0 fino a raggiungere Aquila d&#8217;Arroscia. Due gli eventi previsti in questo caso: il pranzo e i festeggiamenti di un socio amico. Alle 16 poi \u00e8 prevista la consegna dei trofei memorial alla moto e alla macchina pi\u00f9 datate ed un ricordo della manifestazione a tutti i partecipanti. La manifestazione si concluder\u00e0 intorno alle 17.<\/p>\n","protected":false},"excerpt":{"rendered":"<p>Villanova d&#8217;Albenga. Da Villanova d&#8217;Albenga lungo l&#8217;Arroscia per scoprire le meraviglie della vallata dell&#8217;entroterra ingauno. Dopo la mostra scambio delle auto e delle moto d&#8217;epoca, che \u00e8 stato un vero successo di espositori e di pubblico, il mese di giugno si chiude domenica mattina con un&#8217;altra grande classica: la quindicesima edizione della &#8220;Gita in Valle [&hellip;]<\/p>\n","protected":false},"author":13744,"featured_media":0,"comment_status":"open","ping_status":"closed","sticky":false,"template":"","format":"standard","meta":{"footnotes":""},"categories":[],"tags":[2862,33964,125],"class_list":["post-170757","post","type-post","status-publish","format-standard","hentry","tag-ruote-depoca","tag-valle-arroscia","tag-villanova","post_cat_citta-villanova-dalbenga"],"amp_validity":null,"amp_enabled":true,"_links":{"self":[{"href":"https:\/\/staging.ivg.it\/ediapi\/wp\/v2\/posts\/170757","targetHints":{"allow":["GET"]}}],"collection":[{"href":"https:\/\/staging.ivg.it\/ediapi\/wp\/v2\/posts"}],"about":[{"href":"https:\/\/staging.ivg.it\/ediapi\/wp\/v2\/types\/post"}],"author":[{"embeddable":true,"href":"https:\/\/staging.ivg.it\/ediapi\/wp\/v2\/users\/13744"}],"replies":[{"embeddable":true,"href":"https:\/\/staging.ivg.it\/ediapi\/wp\/v2\/comments?post=170757"}],"version-history":[{"count":0,"href":"https:\/\/staging.ivg.it\/ediapi\/wp\/v2\/posts\/170757\/revisions"}],"wp:attachment":[{"href":"https:\/\/staging.ivg.it\/ediapi\/wp\/v2\/media?parent=170757"}],"wp:term":[{"taxonomy":"category","embeddable":true,"href":"https:\/\/staging.ivg.it\/ediapi\/wp\/v2\/categories?post=170757"},{"taxonomy":"post_tag","embeddable":true,"href":"https:\/\/staging.ivg.it\/ediapi\/wp\/v2\/tags?post=170757"}],"curies":[{"name":"wp","href":"https:\/\/api.w.org\/{rel}","templated":true}]}}