{"id":170650,"date":"2011-06-23T14:56:58","date_gmt":"2011-06-23T12:56:58","guid":{"rendered":"http:\/\/www.ivg.it\/?p=170650"},"modified":"2011-06-23T18:47:48","modified_gmt":"2011-06-23T16:47:48","slug":"savona-sciopero-degli-avvocati-indetto-dalloua-niente-udienze-in-tribunale","status":"publish","type":"post","link":"https:\/\/staging.ivg.it\/2011\/06\/savona-sciopero-degli-avvocati-indetto-dalloua-niente-udienze-in-tribunale\/","title":{"rendered":"Savona, sciopero degli avvocati indetto dall\u2019Oua: niente udienze in Tribunale"},"content":{"rendered":"<p><strong>Savona<\/strong>. L&#8217;assemblea dell&#8217;Organismo unitario dell&#8217;avvocatura per oggi aveva indetto lo stato di agitazione degli avvocati e proclamato l&#8217;astensione dalle udienze civili, penali, amministrative, contabili e tributarie e da ogni attivit\u00e0 giudiziaria. Lo sciopero ha avuto ripercussioni anche sul tribunale di Savona dove sono &#8220;saltate&#8221; tutte le udienze penali. I giudici monocratici Marco Canepa e Marco Rossi hanno cos\u00ec rinviato tutti i processi in programma.<\/p>\n<p>Sullo sciopero il presidente dell&#8217;Oua, Maurizio de Tilla ha detto: &#8220;E&#8217; ora di smascherare i bluff, le false promesse, la strategia del &#8216;divide et imper\u00e0 e degli accordi al ribasso: l&#8217;avvocatura \u00e8 unita nella richiesta di eliminazione dell&#8217;obbligatoriet\u00e0 della mediaconciliazione e nel respingere ogni meccanismo di rottamazione dell&#8217;arretrato e di svendita della giustizia civile&#8221;.<\/p>\n<p>&#8220;Le decisioni prima del Congresso nazionale forense di Genova &#8211; continua de Tilla &#8211; sono state fino ad oggi disattese, \u00e8 in atto un processo di privatizzazione selvaggia della giustizia civile che favorisce, tra l&#8217;altro, speculazioni, conflitti d&#8217;interesse, camere di conciliazione fantasma, con caduta di etica e mancanza di controllo e di rigore. Un quadro che emerge chiaramente vista l&#8217;esistenza di pi\u00f9 di 400 sedi di societ\u00e0 di capitali, abilitate a svolgere un ruolo nella conciliazione, che non possono assicurare i requisiti di trasparenza, indipendenza e terziet\u00e0 previsti inderogabilmente dalla stessa legge delega e dal decreto legislativo n. 28\/2010&#8221;.<\/p>\n","protected":false},"excerpt":{"rendered":"<p>Savona. L&#8217;assemblea dell&#8217;Organismo unitario dell&#8217;avvocatura per oggi aveva indetto lo stato di agitazione degli avvocati e proclamato l&#8217;astensione dalle udienze civili, penali, amministrative, contabili e tributarie e da ogni attivit\u00e0 giudiziaria. Lo sciopero ha avuto ripercussioni anche sul tribunale di Savona dove sono &#8220;saltate&#8221; tutte le udienze penali. I giudici monocratici Marco Canepa e Marco [&hellip;]<\/p>\n","protected":false},"author":2394,"featured_media":0,"comment_status":"open","ping_status":"closed","sticky":false,"template":"","format":"standard","meta":{"footnotes":""},"categories":[56],"tags":[6241,85850,2152,16920,20285],"class_list":["post-170650","post","type-post","status-publish","format-standard","hentry","category-altre","tag-processi","tag-savona","tag-sciopero","tag-tribunale-di-savona","tag-udienze","post_cat_citta-savona"],"amp_validity":null,"amp_enabled":true,"_links":{"self":[{"href":"https:\/\/staging.ivg.it\/ediapi\/wp\/v2\/posts\/170650","targetHints":{"allow":["GET"]}}],"collection":[{"href":"https:\/\/staging.ivg.it\/ediapi\/wp\/v2\/posts"}],"about":[{"href":"https:\/\/staging.ivg.it\/ediapi\/wp\/v2\/types\/post"}],"author":[{"embeddable":true,"href":"https:\/\/staging.ivg.it\/ediapi\/wp\/v2\/users\/2394"}],"replies":[{"embeddable":true,"href":"https:\/\/staging.ivg.it\/ediapi\/wp\/v2\/comments?post=170650"}],"version-history":[{"count":0,"href":"https:\/\/staging.ivg.it\/ediapi\/wp\/v2\/posts\/170650\/revisions"}],"wp:attachment":[{"href":"https:\/\/staging.ivg.it\/ediapi\/wp\/v2\/media?parent=170650"}],"wp:term":[{"taxonomy":"category","embeddable":true,"href":"https:\/\/staging.ivg.it\/ediapi\/wp\/v2\/categories?post=170650"},{"taxonomy":"post_tag","embeddable":true,"href":"https:\/\/staging.ivg.it\/ediapi\/wp\/v2\/tags?post=170650"}],"curies":[{"name":"wp","href":"https:\/\/api.w.org\/{rel}","templated":true}]}}