{"id":169141,"date":"2011-06-16T17:02:15","date_gmt":"2011-06-16T15:02:15","guid":{"rendered":"http:\/\/www.ivg.it\/?p=169141"},"modified":"2011-06-16T17:02:15","modified_gmt":"2011-06-16T15:02:15","slug":"trasporto-pubblico-locale-seminario-in-regione-sugli-esiti-del-referendum","status":"publish","type":"post","link":"https:\/\/staging.ivg.it\/2011\/06\/trasporto-pubblico-locale-seminario-in-regione-sugli-esiti-del-referendum\/","title":{"rendered":"Trasporto pubblico locale, seminario in Regione sugli esiti del referendum"},"content":{"rendered":"<p><strong>Regione<\/strong>. Si \u00e8 svolto oggi in Regione il seminario dal titolo \u201cTrasporto pubblico locale: il sistema delle regole e del finanziamento\u201d organizzato dall\u2019assessorato ai Trasporti e da Federmobili\u00e0 all\u2019indomani della vittoria del SI al quesito referendario che chiedeva l\u2019abolizione dell&#8217;articolo 23-bis che, oltre alla privatizzazione dell&#8217;acqua, contiene anche la riforma dei sistemi di mobilit\u00e0 nelle citt\u00e0.<\/p>\n<p>\u201cCon questo incontro abbiamo voluto fare il punto sugli esiti della consultazione che ha diretta influenza sulle regole per il trasporto pubblico locale &#8211; spiega Vesco -. L\u2019abolizione dell\u2019art. 23 bis non lascia un vuoto legislativo perch\u00e9 si applica la normativa comunitaria relativa ai servizi pubblici di trasporto di passeggeri su strada e per ferrovia entrata in vigore il 3 dicembre 2009\u201d.<\/p>\n<p>\u201cCon la vittoria del SI al referendum, quindi &#8211; prosegue -, scompare l\u2019obbligo di mettere a gara il servizio di trasporto pubblico locale perch\u00e9, in presenza di particolari criteri dettati dalla giurisprudenza comunitaria, ritorna la possibilit\u00e0 di utilizzare il cosiddetto affidamento in-house, cio\u00e8 la gestione diretta dei servizi pubblici locali da parte della pubblica amministrazione\u201d.<\/p>\n<p>\u201cL&#8217;affidamento in house, in sostanza, costituisce un&#8217;alternativa all&#8217;esternalizzazione del servizio in quanto l&#8217;ente locale pu\u00f2 servirsi di una societ\u00e0 da questo controllata che svolga la parte prevalente della propria attivit\u00e0 per conto dell&#8217;ente stesso. La gara ad evidenza pubblica &#8211; conclude Vesco &#8211; rimane quindi soltanto una possibilit\u00e0 e non pi\u00f9 l\u2019unica alternativa a disposizione delle amministrazioni\u201d.<\/p>\n","protected":false},"excerpt":{"rendered":"<p>Regione. Si \u00e8 svolto oggi in Regione il seminario dal titolo \u201cTrasporto pubblico locale: il sistema delle regole e del finanziamento\u201d organizzato dall\u2019assessorato ai Trasporti e da Federmobili\u00e0 all\u2019indomani della vittoria del SI al quesito referendario che chiedeva l\u2019abolizione dell&#8217;articolo 23-bis che, oltre alla privatizzazione dell&#8217;acqua, contiene anche la riforma dei sistemi di mobilit\u00e0 nelle [&hellip;]<\/p>\n","protected":false},"author":13744,"featured_media":0,"comment_status":"open","ping_status":"closed","sticky":false,"template":"","format":"standard","meta":{"footnotes":""},"categories":[35],"tags":[2291,295,880,14086],"class_list":["post-169141","post","type-post","status-publish","format-standard","hentry","category-economia","tag-referendum","tag-regione","tag-seminari","tag-trasporto-pubblico-locale","post_cat_citta-andora"],"amp_validity":null,"amp_enabled":true,"_links":{"self":[{"href":"https:\/\/staging.ivg.it\/ediapi\/wp\/v2\/posts\/169141","targetHints":{"allow":["GET"]}}],"collection":[{"href":"https:\/\/staging.ivg.it\/ediapi\/wp\/v2\/posts"}],"about":[{"href":"https:\/\/staging.ivg.it\/ediapi\/wp\/v2\/types\/post"}],"author":[{"embeddable":true,"href":"https:\/\/staging.ivg.it\/ediapi\/wp\/v2\/users\/13744"}],"replies":[{"embeddable":true,"href":"https:\/\/staging.ivg.it\/ediapi\/wp\/v2\/comments?post=169141"}],"version-history":[{"count":0,"href":"https:\/\/staging.ivg.it\/ediapi\/wp\/v2\/posts\/169141\/revisions"}],"wp:attachment":[{"href":"https:\/\/staging.ivg.it\/ediapi\/wp\/v2\/media?parent=169141"}],"wp:term":[{"taxonomy":"category","embeddable":true,"href":"https:\/\/staging.ivg.it\/ediapi\/wp\/v2\/categories?post=169141"},{"taxonomy":"post_tag","embeddable":true,"href":"https:\/\/staging.ivg.it\/ediapi\/wp\/v2\/tags?post=169141"}],"curies":[{"name":"wp","href":"https:\/\/api.w.org\/{rel}","templated":true}]}}