{"id":169036,"date":"2011-06-16T12:20:34","date_gmt":"2011-06-16T10:20:34","guid":{"rendered":"http:\/\/www.ivg.it\/?p=169036"},"modified":"2011-06-16T12:20:34","modified_gmt":"2011-06-16T10:20:34","slug":"teatro-albenga-in-scena-pied-a-terre","status":"publish","type":"post","link":"https:\/\/staging.ivg.it\/2011\/06\/teatro-albenga-in-scena-pied-a-terre\/","title":{"rendered":"Teatro Albenga: in scena &#8220;Pied \u00e0 terre&#8221;"},"content":{"rendered":"<p><strong>Albenga.<\/strong> &#8220;Pied \u00e0 terre&#8221;. \u00c8 questo il titolo della Commedia in tre atti, liberamente tratta da &#8220;Tailleur pour dames&#8221; di Georges Feydeau, che sar\u00e0 presentata domani sera (venerd\u00ec) alle ore 21, al Cinema Teatro Ambradi Albenga. Con la regia di Enrico Aretusi, la Compagnia Teatrale &#8220;La Valigia del Comico&#8221; interpreter\u00e0 una storia divertente. <\/p>\n<p>Moulineaux, fresco sposo, incontenibile nella sua vocazione di &#8220;tombeur de femmes&#8221;, affitta spudoratamente un appartamento, una ex sartoria, gi\u00e0 promessa in locazione, ahim\u00e8, a sua suocera. L\u00b4alloggio, copertura ideale della gar\u00e7onni\u00e8re, si trasformer\u00e0 cos\u00ec in una fucina di continui malintesi a cui il protagonista cercher\u00e0 di far fronte con la sua sfrontata creativit\u00e0. Personaggi e interpreti saranno il Dottor Moulineaux con Roberto Laura, Yvonne con Veronica Brunendo, Bassinet con Gabriele Puggelli, M.me Aigreville con Piera Siniscalchi, Aubin con Alessandro Borea, Susanne con Liliana Franchello, Maurice con Fabio Vosilla, Rosa con Barbara Ferro, M.me Pomponette con Graziella Ferrari e M.me d\u00b4Herblay con Manuela Visinalis. Scenografie a cura di Nicola Cargiolli, Audio e luci di Angelo Ascheri. Posti numerati, costo del biglietto EUR 10,00. Prevendita alla Libreria San Michele.<\/p>\n","protected":false},"excerpt":{"rendered":"<p>Albenga. &#8220;Pied \u00e0 terre&#8221;. \u00c8 questo il titolo della Commedia in tre atti, liberamente tratta da &#8220;Tailleur pour dames&#8221; di Georges Feydeau, che sar\u00e0 presentata domani sera (venerd\u00ec) alle ore 21, al Cinema Teatro Ambradi Albenga. Con la regia di Enrico Aretusi, la Compagnia Teatrale &#8220;La Valigia del Comico&#8221; interpreter\u00e0 una storia divertente. Moulineaux, fresco [&hellip;]<\/p>\n","protected":false},"author":13744,"featured_media":0,"comment_status":"open","ping_status":"closed","sticky":false,"template":"","format":"standard","meta":{"footnotes":""},"categories":[],"tags":[85841,490,14743],"class_list":["post-169036","post","type-post","status-publish","format-standard","hentry","tag-albenga","tag-teatro","tag-teatro-ambra","post_cat_citta-albenga"],"amp_validity":null,"amp_enabled":true,"_links":{"self":[{"href":"https:\/\/staging.ivg.it\/ediapi\/wp\/v2\/posts\/169036","targetHints":{"allow":["GET"]}}],"collection":[{"href":"https:\/\/staging.ivg.it\/ediapi\/wp\/v2\/posts"}],"about":[{"href":"https:\/\/staging.ivg.it\/ediapi\/wp\/v2\/types\/post"}],"author":[{"embeddable":true,"href":"https:\/\/staging.ivg.it\/ediapi\/wp\/v2\/users\/13744"}],"replies":[{"embeddable":true,"href":"https:\/\/staging.ivg.it\/ediapi\/wp\/v2\/comments?post=169036"}],"version-history":[{"count":0,"href":"https:\/\/staging.ivg.it\/ediapi\/wp\/v2\/posts\/169036\/revisions"}],"wp:attachment":[{"href":"https:\/\/staging.ivg.it\/ediapi\/wp\/v2\/media?parent=169036"}],"wp:term":[{"taxonomy":"category","embeddable":true,"href":"https:\/\/staging.ivg.it\/ediapi\/wp\/v2\/categories?post=169036"},{"taxonomy":"post_tag","embeddable":true,"href":"https:\/\/staging.ivg.it\/ediapi\/wp\/v2\/tags?post=169036"}],"curies":[{"name":"wp","href":"https:\/\/api.w.org\/{rel}","templated":true}]}}