{"id":168867,"date":"2011-06-15T16:36:09","date_gmt":"2011-06-15T14:36:09","guid":{"rendered":"http:\/\/www.ivg.it\/?p=168867"},"modified":"2011-06-15T16:52:04","modified_gmt":"2011-06-15T14:52:04","slug":"albenga-sportello-enel-il-sindaco-guarnieri-importante-servizio-per-la-citta","status":"publish","type":"post","link":"https:\/\/staging.ivg.it\/2011\/06\/albenga-sportello-enel-il-sindaco-guarnieri-importante-servizio-per-la-citta\/","title":{"rendered":"Albenga, sportello Enel. Il sindaco Guarnieri: &#8220;Importante servizio per la citt\u00e0&#8221;"},"content":{"rendered":"<p><strong>Albenga. <\/strong>\u201cOggi \u00e8 un giorno importante per Albenga, poich\u00e9 finalmente la nostra citt\u00e0 torna ad ospitare uno sportello Enel al servizio degli utenti&#8221;. Lo ha detto il sindaco Rosy Guarnieri sul nuovo sportello territoriale inaugurato questa mattina ad Albenga.<\/p>\n<p>&#8220;Se da una parte \u00e8 vero che l\u2019avvento dell\u2019era digitale e la sempre maggiore diffusione dei sistemi informatici hanno contribuito a ridurre i tempi di attesa e velocizzare le comunicazioni tra utenza e aziende, dall\u2019altra emerge ancora la necessit\u00e0, da parte dei cittadini, specialmente gli anziani, di avere un punto di contatto diretto con le societ\u00e0 erogatrici di energia elettrica, gas, telefonia e altri servizi fondamentali. L\u2019apertura di un nuovo sportello espressamente dedicato a venire incontro alle esigenze dei cittadini, un ulteriore servizio presente sul territorio comunale, \u00e8 naturalmente per noi motivo di grande soddisfazione&#8221; ha concluso il primo cittadino di Albenga.<\/p>\n","protected":false},"excerpt":{"rendered":"<p>Albenga. \u201cOggi \u00e8 un giorno importante per Albenga, poich\u00e9 finalmente la nostra citt\u00e0 torna ad ospitare uno sportello Enel al servizio degli utenti&#8221;. Lo ha detto il sindaco Rosy Guarnieri sul nuovo sportello territoriale inaugurato questa mattina ad Albenga. &#8220;Se da una parte \u00e8 vero che l\u2019avvento dell\u2019era digitale e la sempre maggiore diffusione dei [&hellip;]<\/p>\n","protected":false},"author":13744,"featured_media":0,"comment_status":"open","ping_status":"closed","sticky":false,"template":"","format":"standard","meta":{"footnotes":""},"categories":[],"tags":[85841,1612,6607],"class_list":["post-168867","post","type-post","status-publish","format-standard","hentry","tag-albenga","tag-enel","tag-rosy-guarnieri","post_cat_citta-albenga","post_cat_citta-andora"],"amp_validity":null,"amp_enabled":true,"_links":{"self":[{"href":"https:\/\/staging.ivg.it\/ediapi\/wp\/v2\/posts\/168867","targetHints":{"allow":["GET"]}}],"collection":[{"href":"https:\/\/staging.ivg.it\/ediapi\/wp\/v2\/posts"}],"about":[{"href":"https:\/\/staging.ivg.it\/ediapi\/wp\/v2\/types\/post"}],"author":[{"embeddable":true,"href":"https:\/\/staging.ivg.it\/ediapi\/wp\/v2\/users\/13744"}],"replies":[{"embeddable":true,"href":"https:\/\/staging.ivg.it\/ediapi\/wp\/v2\/comments?post=168867"}],"version-history":[{"count":0,"href":"https:\/\/staging.ivg.it\/ediapi\/wp\/v2\/posts\/168867\/revisions"}],"wp:attachment":[{"href":"https:\/\/staging.ivg.it\/ediapi\/wp\/v2\/media?parent=168867"}],"wp:term":[{"taxonomy":"category","embeddable":true,"href":"https:\/\/staging.ivg.it\/ediapi\/wp\/v2\/categories?post=168867"},{"taxonomy":"post_tag","embeddable":true,"href":"https:\/\/staging.ivg.it\/ediapi\/wp\/v2\/tags?post=168867"}],"curies":[{"name":"wp","href":"https:\/\/api.w.org\/{rel}","templated":true}]}}