{"id":168728,"date":"2011-06-15T12:29:31","date_gmt":"2011-06-15T10:29:31","guid":{"rendered":"http:\/\/www.ivg.it\/?p=168728"},"modified":"2011-06-15T12:29:31","modified_gmt":"2011-06-15T10:29:31","slug":"voci-e-sapori-dafrica-a-toirano","status":"publish","type":"post","link":"https:\/\/staging.ivg.it\/2011\/06\/voci-e-sapori-dafrica-a-toirano\/","title":{"rendered":"Voci e sapori d&#8217;Africa a Toirano"},"content":{"rendered":"<p><strong>Toirano<\/strong>. Sabato 25 e domenica 26 giugno le vie, le piazze e i giardini di Toirano ospiteranno due giorni di spettacoli, stage di danza e percussioni, laboratori e rassegne cinematografiche per bambini, dj set, mostre, ma anche momenti di confronto e riflessione con incontri e dibattiti su integrazione e cooperazione internazionale.<\/p>\n<p>Inoltre, nel Parco del Marchese, presso gli stand gastronomici aperti a pranzo e cena, sar\u00e0 possibile assaggiare specialit\u00e0 della cucina africana, come le akra con salsa cani (crocchette di fagioli con salsa piccante), il c\u00e9r\u00e8 (cous cous con pollo e verdure), firir e dibi (piatti di carne e pesce) e squisiti dolci marocchini. Nel corso della manifestazione, inoltre, verr\u00e0 fatto il rendiconto di \u201cProject New Sudan &#8211;  FestAfrica 2010\u201d, che aveva l\u2019obiettivo di costruire entro l\u2019edizione 2011 una clinica per la cura di pazienti con AIDS\/HIV presso l&#8217;ospedale rurale di Mapuordit in Sud Sudan. La clinica \u00e8 stata inaugurata e resa operativa lo scorso Marzo dai volontari di Find The Cure, durante Mission A6.<\/p>\n<p>Dopo un&#8217;attenta valutazione delle necessit\u00e0 del luogo e al fine di rafforzare quest\u2019importante risultato, l\u2019obiettivo che si pone Festafrica 2011 \u00e8 la formazione di personale locale specializzato, che possa portare avanti in modo adeguato l&#8217;attivit\u00e0 della clinica. Nello specifico, i fondi raccolti nell\u2019ambito della due giorni verranno destinati a una borsa di studio triennale a favore di Gabriel Gum, studente molto capace e motivato, affinch\u00e9 possa diventare Clinical Officer. Il corso triennale si terr\u00e0 presso il National Health Training Institute (NHTI) di Maridi.<\/p>\n","protected":false},"excerpt":{"rendered":"<p>Toirano. Sabato 25 e domenica 26 giugno le vie, le piazze e i giardini di Toirano ospiteranno due giorni di spettacoli, stage di danza e percussioni, laboratori e rassegne cinematografiche per bambini, dj set, mostre, ma anche momenti di confronto e riflessione con incontri e dibattiti su integrazione e cooperazione internazionale. Inoltre, nel Parco del [&hellip;]<\/p>\n","protected":false},"author":13744,"featured_media":0,"comment_status":"open","ping_status":"closed","sticky":false,"template":"","format":"standard","meta":{"footnotes":""},"categories":[],"tags":[3447,369,10348,85952],"class_list":["post-168728","post","type-post","status-publish","format-standard","hentry","tag-africa","tag-festa","tag-festafrica","tag-toirano","post_cat_citta-toirano"],"amp_validity":null,"amp_enabled":true,"_links":{"self":[{"href":"https:\/\/staging.ivg.it\/ediapi\/wp\/v2\/posts\/168728","targetHints":{"allow":["GET"]}}],"collection":[{"href":"https:\/\/staging.ivg.it\/ediapi\/wp\/v2\/posts"}],"about":[{"href":"https:\/\/staging.ivg.it\/ediapi\/wp\/v2\/types\/post"}],"author":[{"embeddable":true,"href":"https:\/\/staging.ivg.it\/ediapi\/wp\/v2\/users\/13744"}],"replies":[{"embeddable":true,"href":"https:\/\/staging.ivg.it\/ediapi\/wp\/v2\/comments?post=168728"}],"version-history":[{"count":0,"href":"https:\/\/staging.ivg.it\/ediapi\/wp\/v2\/posts\/168728\/revisions"}],"wp:attachment":[{"href":"https:\/\/staging.ivg.it\/ediapi\/wp\/v2\/media?parent=168728"}],"wp:term":[{"taxonomy":"category","embeddable":true,"href":"https:\/\/staging.ivg.it\/ediapi\/wp\/v2\/categories?post=168728"},{"taxonomy":"post_tag","embeddable":true,"href":"https:\/\/staging.ivg.it\/ediapi\/wp\/v2\/tags?post=168728"}],"curies":[{"name":"wp","href":"https:\/\/api.w.org\/{rel}","templated":true}]}}