{"id":168410,"date":"2011-06-14T11:34:11","date_gmt":"2011-06-14T09:34:11","guid":{"rendered":"http:\/\/www.ivg.it\/?p=168410"},"modified":"2011-06-14T13:44:19","modified_gmt":"2011-06-14T11:44:19","slug":"chiusura-ufficio-anagrafe-sanitaria-a-loano-anche-il-comune-di-boissano-dice-no","status":"publish","type":"post","link":"https:\/\/staging.ivg.it\/2011\/06\/chiusura-ufficio-anagrafe-sanitaria-a-loano-anche-il-comune-di-boissano-dice-no\/","title":{"rendered":"Chiusura ufficio anagrafe sanitaria a Loano: anche il Comune di Boissano dice no"},"content":{"rendered":"<p><strong>Boissano<\/strong>. Anche il Comune di Boissano, per voce dell&#8217;Assessore ai Servizi Sociali Giovanna Calabr\u00f2, si schiera per la difesa dell&#8217;anagrafe sanitaria. &#8220;Come paventato da tempo, il primo luglio chiude l&#8217;ufficio anagrafico sanitario ubicato a Loano c\/o l&#8217;edificio Ramella di via Stella. L&#8217;ufficio aperto dal 1994 per venire incontro alle esigenze soprattuto degli anziani e dei disabili copre un bacino di utenza di 32000 residenti. Ad esso affluiscono, oltre all&#8217;Ospedale Santa Corona, i residenti nei Comuni di Toirano, Balestrino, Borghetto Santo Spirito, Boissano, Loano, Pietra Ligure, Giustenice, Tovo S. Giacomo, Magliolo e le case di cura e di riposo presenti su questo territorio&#8221; osserva l&#8217;assessore.<\/p>\n<p>&#8220;Questo ufficio si occupa del cambio e revoca dei medici di famiglia, dell&#8217;iscrizione dei nuovi nati; iscrizione temporanea per residenti in altre regioni (turismo invernale per anziani con problemi di salute); iscrizione nelle case di cura della zona; iscrizione temporanee per motivi di lavoro; registrazione dell esenzioni per patologia rilasciate dal Ospedale Santa Corona di Pietra Ligure; ritiro autocertificazioni per reddito; registrazione e autorizzazione dei piani terapeutici per ritiro farmaci; autorizzazioni per trasporti in ambulanza; registrazione di invalidit\u00e0 civile sul libretto sanitario; richieste per tessera sanitaria europea; collaborazione con i servizi sociali comunali e consultori; consegna materiale per diabetici (circa 1000 all&#8217;anno)&#8221; aggiunge Giovanna Calabr\u00f2.<\/p>\n<p>&#8220;Ci si chiede perch\u00e8 nonostante si continui a dire di voler aiutare anziani e disabili si creino proprio a loro ulteriori difficolt\u00e0, essendo proprio loro quelli che maggiormente usufruiscono di questo sportello e li si costringa a prendere pi\u00f9 mezzi pubblici per accedere ad una sede disagiata come quella di Finale Ligure, ubicata nell&#8217;ex Ospedale Ruffini. Mi chiedo  &#8211; prosegue l&#8217;assessore &#8211; come possa, soprattutto nel periodo estivo, un anziano compiere questo tragitto solo per vedere scriversi un&#8217;esenzione per patologia sul libretto sanitario. Nel comunicato che annunciava la chiusura dell&#8217;ufficio si fa riferimento a carenze di personale, quando in realt\u00e0 sarebbe solo necessario una miglior distribuzione delle forze presenti&#8221;.<\/p>\n<p>&#8220;Mi viene detto inoltre che la sede di Loano \u00e8 un&#8217;anomalia nel distretto finalese in quanto negli altri distretti ne esiste solo una nel comune capofila. Sorgono allora due domande: perch\u00e8 la sede di Loano \u00e8 stata aperta nel &#8217;94? Forse perch\u00e8 abbiamo la pi\u00f9 alta concentrazione di anziani di tutta la Liguria? Perch\u00e8 quindi non \u00e8 possibile trovare eventualmente un&#8217;unica sede pi\u00f9 agevole da raggiungere per i pazienti con difficolt\u00e0? Per questo motivo \u00e8 stata fatta una riunione dei sindaci e degli assessori di tutti i Comuni sopra menzionati per discutere e proporre soluzioni alternative alla chiusura dello sportello di Loano ai vertici dell&#8217;Asl&#8221; conclude l&#8217;assessore Calabr\u00f2.<\/p>\n","protected":false},"excerpt":{"rendered":"<p>Boissano. Anche il Comune di Boissano, per voce dell&#8217;Assessore ai Servizi Sociali Giovanna Calabr\u00f2, si schiera per la difesa dell&#8217;anagrafe sanitaria. &#8220;Come paventato da tempo, il primo luglio chiude l&#8217;ufficio anagrafico sanitario ubicato a Loano c\/o l&#8217;edificio Ramella di via Stella. L&#8217;ufficio aperto dal 1994 per venire incontro alle esigenze soprattuto degli anziani e dei [&hellip;]<\/p>\n","protected":false},"author":13744,"featured_media":0,"comment_status":"open","ping_status":"closed","sticky":false,"template":"","format":"standard","meta":{"footnotes":""},"categories":[],"tags":[1021,85881,85827],"class_list":["post-168410","post","type-post","status-publish","format-standard","hentry","tag-asl","tag-boissano","tag-loano","post_cat_citta-boissano"],"amp_validity":null,"amp_enabled":true,"_links":{"self":[{"href":"https:\/\/staging.ivg.it\/ediapi\/wp\/v2\/posts\/168410","targetHints":{"allow":["GET"]}}],"collection":[{"href":"https:\/\/staging.ivg.it\/ediapi\/wp\/v2\/posts"}],"about":[{"href":"https:\/\/staging.ivg.it\/ediapi\/wp\/v2\/types\/post"}],"author":[{"embeddable":true,"href":"https:\/\/staging.ivg.it\/ediapi\/wp\/v2\/users\/13744"}],"replies":[{"embeddable":true,"href":"https:\/\/staging.ivg.it\/ediapi\/wp\/v2\/comments?post=168410"}],"version-history":[{"count":0,"href":"https:\/\/staging.ivg.it\/ediapi\/wp\/v2\/posts\/168410\/revisions"}],"wp:attachment":[{"href":"https:\/\/staging.ivg.it\/ediapi\/wp\/v2\/media?parent=168410"}],"wp:term":[{"taxonomy":"category","embeddable":true,"href":"https:\/\/staging.ivg.it\/ediapi\/wp\/v2\/categories?post=168410"},{"taxonomy":"post_tag","embeddable":true,"href":"https:\/\/staging.ivg.it\/ediapi\/wp\/v2\/tags?post=168410"}],"curies":[{"name":"wp","href":"https:\/\/api.w.org\/{rel}","templated":true}]}}