{"id":168408,"date":"2011-06-14T11:29:49","date_gmt":"2011-06-14T09:29:49","guid":{"rendered":"http:\/\/www.ivg.it\/?p=168408"},"modified":"2011-06-14T11:29:49","modified_gmt":"2011-06-14T09:29:49","slug":"savona-mostra-a-favore-di-aias-onlus","status":"publish","type":"post","link":"https:\/\/staging.ivg.it\/2011\/06\/savona-mostra-a-favore-di-aias-onlus\/","title":{"rendered":"Savona: mostra a favore di Aias Onlus"},"content":{"rendered":"<p><strong>Savona.<\/strong> Inaugurazione della mostra benefica a favore di Aias Savona Onlus gioved\u00ec 16 giugno alle ore 18 presso l&#8217;atrio del Comune di Savona.  &#8220;Si tratta di donazioni da parte di artisit che sono certamente un fatto importante e debbono motivare il pubblico di appassionati d&#8217;arte a visitare la mostra e generosamente acquistare le opere per una causa benemerita, sociale, educativa&#8221;, dicono gli organizzatori.<\/p>\n<p>Si apprezzeranno opere di alcuni maestri di gi\u00e0 consolidata fama (da Rocco Borella a Giorgio Robutti a Pietro Nicolino) ed altri di notoriet\u00e0 anche internazionale (da Giuseppe Scaiola a Renata Minuto, Giorgio Moiso, Claudio Carrieri, Maria Giulia Drago, Walter Morando, Carlo Giusto, Giovanni Tinti) e numerosi altri per arrivare a diverse voci di pittori, ceramisti, incisori gi\u00e0 presenti in rassegne non solo liguri che rappresentano la continuit\u00e0 nella ricerca, nella creativit\u00e0 di questa terra che ha sempre espresso e spesso coniugato con la solidariet\u00e0 come in questo caso. Hanno dato il loro contributo anche Gli Amici della Ceramica Circolo &#8220;Nicol\u00f2 Poggi&#8221; di Albissola Marina<\/p>\n<p>Orari mostra: venerd\u00ec 17\/6 e sabato 18\/6 dalle ore 9 alle ore 19; sabato dalle ore 9.30 alle ore 13.<\/p>\n","protected":false},"excerpt":{"rendered":"<p>Savona. Inaugurazione della mostra benefica a favore di Aias Savona Onlus gioved\u00ec 16 giugno alle ore 18 presso l&#8217;atrio del Comune di Savona. &#8220;Si tratta di donazioni da parte di artisit che sono certamente un fatto importante e debbono motivare il pubblico di appassionati d&#8217;arte a visitare la mostra e generosamente acquistare le opere per [&hellip;]<\/p>\n","protected":false},"author":13744,"featured_media":0,"comment_status":"open","ping_status":"closed","sticky":false,"template":"","format":"standard","meta":{"footnotes":""},"categories":[],"tags":[4566,389,85850],"class_list":["post-168408","post","type-post","status-publish","format-standard","hentry","tag-aias","tag-mostre-darte","tag-savona","post_cat_citta-savona"],"amp_validity":null,"amp_enabled":true,"_links":{"self":[{"href":"https:\/\/staging.ivg.it\/ediapi\/wp\/v2\/posts\/168408","targetHints":{"allow":["GET"]}}],"collection":[{"href":"https:\/\/staging.ivg.it\/ediapi\/wp\/v2\/posts"}],"about":[{"href":"https:\/\/staging.ivg.it\/ediapi\/wp\/v2\/types\/post"}],"author":[{"embeddable":true,"href":"https:\/\/staging.ivg.it\/ediapi\/wp\/v2\/users\/13744"}],"replies":[{"embeddable":true,"href":"https:\/\/staging.ivg.it\/ediapi\/wp\/v2\/comments?post=168408"}],"version-history":[{"count":0,"href":"https:\/\/staging.ivg.it\/ediapi\/wp\/v2\/posts\/168408\/revisions"}],"wp:attachment":[{"href":"https:\/\/staging.ivg.it\/ediapi\/wp\/v2\/media?parent=168408"}],"wp:term":[{"taxonomy":"category","embeddable":true,"href":"https:\/\/staging.ivg.it\/ediapi\/wp\/v2\/categories?post=168408"},{"taxonomy":"post_tag","embeddable":true,"href":"https:\/\/staging.ivg.it\/ediapi\/wp\/v2\/tags?post=168408"}],"curies":[{"name":"wp","href":"https:\/\/api.w.org\/{rel}","templated":true}]}}