{"id":168404,"date":"2011-06-14T11:22:00","date_gmt":"2011-06-14T09:22:00","guid":{"rendered":"http:\/\/www.ivg.it\/?p=168404"},"modified":"2011-06-14T17:13:29","modified_gmt":"2011-06-14T15:13:29","slug":"trasferimento-piaggio-lassessore-vesco-patrimonio-storico-dellindustria-avra-continuita-in-liguria","status":"publish","type":"post","link":"https:\/\/staging.ivg.it\/2011\/06\/trasferimento-piaggio-lassessore-vesco-patrimonio-storico-dellindustria-avra-continuita-in-liguria\/","title":{"rendered":"Trasferimento Piaggio, Vesco e Guccinelli: \u201cPatrimonio storico dell\u2019industria avr\u00e0 continuit\u00e0 in Liguria\u201d"},"content":{"rendered":"<p><strong>Villanova d&#8217;Albenga<\/strong>. La soddisfazione dell&#8217;assessore regionale Enrico Vesco anticipa la posa della prima pietra del nuovo stabilimento Piaggio Aero a Villanova d&#8217;Albenga. &#8220;E&#8217; il coronamento di un lavoro complesso e articolato che ha visto molti soggetti attivi, fra i quali in primis la Regione Liguria &#8211; sottolinea l&#8217;assessore &#8211; Piaggio \u00e8 un patrimonio dell&#8217;industria d&#8217;eccellenza nella nostra Regione e bisogna fare in modo che continui a produrre qui. Credo che il trasferimento a Villanova permetta proprio questa continuit\u00e0&#8221;.<\/p>\n<p>&#8220;Sono molto soddisfatto che si avvii questo percorso &#8211; aggiunge &#8211; Si profila il venire meno, cos\u00ec, delle incertezze che si sono manifestate. Sono ben felice per la posa della prima pietra del cantiere, occasione cui presenzier\u00f2, anche perch\u00e9 lo considero un evento importantissimo per il futuro economico ed occupazionale della nostra regione&#8221;.<\/p>\n<p>Domani, oltre a Vesco, a Villanova saranno anche la vicepresidente Marylin Fusco e l&#8217;assessore Renzo Guccinelli, insieme al governatore regionale Claudio Burlando. La cerimonia \u00e8 prevista per le 11,30. Una realt\u00e0 economica significativa in Liguria quella di Piaggio Aero Industries, con circa 800 dipendenti a Finale e 600 a Sestri Ponente.<\/p>\n<p>Per l&#8217;assessore Guccinelli &#8220;la posa della prima pietra \u00e8 l&#8217;atto simbolico per l&#8217;avvio del nuovo stabilimento&#8221;. &#8220;Tutti ci abbiamo messo tanto impegno, con perseveranza, per raggiungere a tutti i costi l&#8217;obiettivo &#8211; prosegue &#8211; Bisogna dare atto all&#8217;azienda di aver fatto una scelta importanteBisogna dare atto all&#8217;azienda di aver fatto una scelta importanteBisogna dare atto all&#8217;azienda di aver fatto una scelta importanteBisogna dare atto all&#8217;azienda di aver fatto una scelta importante, nonostante sia ancora un momento difficile per il settore, colpito dalla crisi. Ma qui c&#8217;\u00e8 anche la qualit\u00e0 del prodotto, che pu\u00f2 prevalere sul mercato&#8221;. &#8220;Domani parte il cantiere: c&#8217;\u00e8 quindi certezza che l&#8217;impianto Piaggio Aero rimanga nella nostra regione&#8221; conclude Guccinelli. <\/p>\n<p>Il nuovo stabilimento per la costruzione di aerei e componenti aeronautiche in area ingauna si svilupper\u00e0 su 49 mila metri quadri, 10 mila in pi\u00f9 rispetto a Finale Ligure, con la differenza cruciale che si tratter\u00e0 non soltanto di capannoni pi\u00f9 moderni e tecnologici, ma anche di spazi pi\u00f9 razionali e uniformi contro i reparti finalesi che via via nel tempo si sono aggiunti in modo difforme. Si prospetta un anno e mezzo di lavori per l&#8217;edificazione del complesso produttivo ed il trasferimento delle lavorazioni potrebbe anche richiedere un anno.<\/p>\n","protected":false},"excerpt":{"rendered":"<p>Villanova d&#8217;Albenga. La soddisfazione dell&#8217;assessore regionale Enrico Vesco anticipa la posa della prima pietra del nuovo stabilimento Piaggio Aero a Villanova d&#8217;Albenga. &#8220;E&#8217; il coronamento di un lavoro complesso e articolato che ha visto molti soggetti attivi, fra i quali in primis la Regione Liguria &#8211; sottolinea l&#8217;assessore &#8211; Piaggio \u00e8 un patrimonio dell&#8217;industria d&#8217;eccellenza [&hellip;]<\/p>\n","protected":false},"author":13744,"featured_media":0,"comment_status":"open","ping_status":"closed","sticky":false,"template":"","format":"standard","meta":{"footnotes":""},"categories":[35],"tags":[907,1817,1132,295,85967],"class_list":["post-168404","post","type-post","status-publish","format-standard","hentry","category-economia","tag-enrico-vesco","tag-industria","tag-piaggio","tag-regione","tag-villanova-dalbenga","post_cat_citta-albenga","post_cat_citta-finale-ligure","post_cat_citta-villanova-dalbenga"],"amp_validity":null,"amp_enabled":true,"_links":{"self":[{"href":"https:\/\/staging.ivg.it\/ediapi\/wp\/v2\/posts\/168404","targetHints":{"allow":["GET"]}}],"collection":[{"href":"https:\/\/staging.ivg.it\/ediapi\/wp\/v2\/posts"}],"about":[{"href":"https:\/\/staging.ivg.it\/ediapi\/wp\/v2\/types\/post"}],"author":[{"embeddable":true,"href":"https:\/\/staging.ivg.it\/ediapi\/wp\/v2\/users\/13744"}],"replies":[{"embeddable":true,"href":"https:\/\/staging.ivg.it\/ediapi\/wp\/v2\/comments?post=168404"}],"version-history":[{"count":0,"href":"https:\/\/staging.ivg.it\/ediapi\/wp\/v2\/posts\/168404\/revisions"}],"wp:attachment":[{"href":"https:\/\/staging.ivg.it\/ediapi\/wp\/v2\/media?parent=168404"}],"wp:term":[{"taxonomy":"category","embeddable":true,"href":"https:\/\/staging.ivg.it\/ediapi\/wp\/v2\/categories?post=168404"},{"taxonomy":"post_tag","embeddable":true,"href":"https:\/\/staging.ivg.it\/ediapi\/wp\/v2\/tags?post=168404"}],"curies":[{"name":"wp","href":"https:\/\/api.w.org\/{rel}","templated":true}]}}