{"id":168154,"date":"2011-06-13T14:32:12","date_gmt":"2011-06-13T12:32:12","guid":{"rendered":"http:\/\/www.ivg.it\/?p=168154"},"modified":"2011-06-13T17:04:19","modified_gmt":"2011-06-13T15:04:19","slug":"ferrania-incontro-in-regione-non-ci-sono-risorse-per-i-cantieri-scuola-conferma-per-il-tavolo-romano","status":"publish","type":"post","link":"https:\/\/staging.ivg.it\/2011\/06\/ferrania-incontro-in-regione-non-ci-sono-risorse-per-i-cantieri-scuola-conferma-per-il-tavolo-romano\/","title":{"rendered":"Ferrania, incontro in Regione: non ci sono risorse per i cantieri scuola, conferma per il tavolo romano"},"content":{"rendered":"<p><strong>Regione.<\/strong> La Regione non ha i soldi per i cantieri scuola-lavoro. Lo ha affermato l&#8217;assessore regionale al lavoro Enrico Vesco nel corso dell&#8217;incontro su Ferrania che si \u00e8 da poco concluso negli uffici regionali. 500 mila euro per proseguire il progetto che ha permesso di collocare nei comuni savonesi e valbormidesi i dipendenti dell&#8217;azienda cairese in cassa integrazione, fornendo loro anche una integrazione al reddito. Al tavolo regionale hanno preso parte l&#8217;assessore regionale Renzo Guccinelli, il presidente della Provincia Angelo Vaccarezza, l&#8217;assessore all&#8217;industria del Comune di Cairo Alberto Poggio, oltre alle organizzazioni sindacali di categoria. Vesco e Guccinelli porteranno il tema dei cantieri scuola all&#8217;attenzione della prossima giunta regionale per vedere la possibilit\u00e0 di trovare risorse alternative, ma la strada sembra in salita. Sindacati ed enti locali hanno chiesto alla Regione una proroga almeno fino al 31 dicembre del 2011.<\/p>\n<p>Intanto \u00e8 stato confermato che l&#8217;incontro romano al Ministero di gioved\u00ec 16 giugno ci sar\u00e0 e che domani si terr\u00e0 una riunione tecnica preparatoria al vertice tra Ministero, azienda ed enti locali. Per ora partner, soluzioni industriali ed elementi concreti per l&#8217;aggiornamento dell&#8217;accordo di programma non sono trapelati. I sindacati hanno ribadito la necessit\u00e0 di una posizione univoca del territorio e che al tavolo ministeriale possa prendere parte almeno un sottosegretario. Oltre al rilancio industriale, al Ministero si dovr\u00e0 iniziare a parlare anche del possibile rinnovo della cassa integrazione straordinaria, che scadr\u00e0 alla fine di novembre.<\/p>\n","protected":false},"excerpt":{"rendered":"<p>Regione. La Regione non ha i soldi per i cantieri scuola-lavoro. Lo ha affermato l&#8217;assessore regionale al lavoro Enrico Vesco nel corso dell&#8217;incontro su Ferrania che si \u00e8 da poco concluso negli uffici regionali. 500 mila euro per proseguire il progetto che ha permesso di collocare nei comuni savonesi e valbormidesi i dipendenti dell&#8217;azienda cairese [&hellip;]<\/p>\n","protected":false},"author":4,"featured_media":0,"comment_status":"open","ping_status":"closed","sticky":false,"template":"","format":"standard","meta":{"footnotes":""},"categories":[35],"tags":[85992,295],"class_list":["post-168154","post","type-post","status-publish","format-standard","hentry","category-economia","tag-ferrania","tag-regione","post_cat_citta-andora","post_cat_citta-savona"],"amp_validity":null,"amp_enabled":true,"_links":{"self":[{"href":"https:\/\/staging.ivg.it\/ediapi\/wp\/v2\/posts\/168154","targetHints":{"allow":["GET"]}}],"collection":[{"href":"https:\/\/staging.ivg.it\/ediapi\/wp\/v2\/posts"}],"about":[{"href":"https:\/\/staging.ivg.it\/ediapi\/wp\/v2\/types\/post"}],"author":[{"embeddable":true,"href":"https:\/\/staging.ivg.it\/ediapi\/wp\/v2\/users\/4"}],"replies":[{"embeddable":true,"href":"https:\/\/staging.ivg.it\/ediapi\/wp\/v2\/comments?post=168154"}],"version-history":[{"count":0,"href":"https:\/\/staging.ivg.it\/ediapi\/wp\/v2\/posts\/168154\/revisions"}],"wp:attachment":[{"href":"https:\/\/staging.ivg.it\/ediapi\/wp\/v2\/media?parent=168154"}],"wp:term":[{"taxonomy":"category","embeddable":true,"href":"https:\/\/staging.ivg.it\/ediapi\/wp\/v2\/categories?post=168154"},{"taxonomy":"post_tag","embeddable":true,"href":"https:\/\/staging.ivg.it\/ediapi\/wp\/v2\/tags?post=168154"}],"curies":[{"name":"wp","href":"https:\/\/api.w.org\/{rel}","templated":true}]}}