{"id":168090,"date":"2011-06-13T11:45:12","date_gmt":"2011-06-13T09:45:12","guid":{"rendered":"http:\/\/www.ivg.it\/?p=168090"},"modified":"2011-06-14T11:54:33","modified_gmt":"2011-06-14T09:54:33","slug":"giornata-del-donatore-di-sangue-robert-kubica-testimonial-campagna-informativa","status":"publish","type":"post","link":"https:\/\/staging.ivg.it\/2011\/06\/giornata-del-donatore-di-sangue-robert-kubica-testimonial-campagna-informativa\/","title":{"rendered":"Giornata del donatore di sangue: Robert Kubica testimonial campagna informativa"},"content":{"rendered":"<p><strong>Savona.<\/strong> Domani, marted\u00ec 14 giugno si festeggia la Giornata Mondiale del Donatore di Sangue ed in tale circostanza la Asl 2 Savonese, con il Comune di Savona e l\u2019Universit\u00e0 di Genova, intende celebrare l\u2019evento con un incontro aperto alla cittadinanza.<\/p>\n<p>Nell\u2019occasione, presso la Sala Rossa del Comune di Savona alle ore 10.30, verr\u00e0 presentata ufficialmente la &#8220;Campagna di comunicazione per la promozione del dono del sangue. Progetto e realizzazione&#8217;. La campagna, intitolata \u201cNon voltare le spalle&#8230;\u201d, \u00e8 rivolta soprattutto ai giovani in quanto attori del piano di comunicazione, nonch\u00e9 principali destinatari. Saranno presenti alcune classi del Liceo Giuliano della Rovere di Savona ed i ragazzi che hanno collaborato alla realizzazione del progetto comunicativo e alla definizione delle fasi divulgative.<\/p>\n<p>Nel corso dell\u2019evento verr\u00e0 riportata una testimonianza del pilota Robert Kubica che in prima persona ha beneficiato di questo dono a seguito di un pericoloso incidente automobilistico.<br \/>\nLa donazione del sangue \u00e8, purtroppo, un fenomeno poco diffuso soprattutto fra i giovani che dovrebbero, invece, costituire la risorsa fondamentale attraverso la quale permettere il ricambio generazionale dei donatori che nell&#8217;arco dei prossimi dieci anni andranno \u201cin pensione\u201d per sopraggiunti limiti di et\u00e0 (dopo i 65 anni non \u00e8 pi\u00f9 possibile donare). Sulla base di questa considerazione si \u00e8 scelto di indirizzare la campagna di comunicazione, in particolare, ai giovani di et\u00e0 compresa fra i 18\/25 anni. La durata prevista della campagna \u00e8 di un anno: giugno 2011 &#8211; giugno 2012.<\/p>\n<p>La &#8220;Campagna di comunicazione per la promozione del dono del sangue&#8221; e stata ideata e progettata da Nadia Guisa e Rossana Dettori nell&#8217;ambito del Corso di Laurea in Scienze della Comunicazione, Facolt\u00e0 di Scienze della Formazione dell&#8217;Universit\u00e0 di Genova, con la supervisione dei docenti: F. Rossello, D. Scarponi, A. Cossetta e M. Coccoli, e si propone di: incrementare il numero di donatori attraverso l&#8217;impiego di linguaggi e mezzi di comunicazione propri del target giovanile e la creazione di differenti prodotti multimediali atti a generare effetti a breve e lungo termine (campagna tattica e strategica), creando i presupposti per una fidelizzazione (donazione periodica e non occasionale); diffondere la cultura della donazione attraverso la creazione di una community di giovani, donatori e non, sostenitori del dono del sangue.<\/p>\n<p>L&#8217;obiettivo finale \u00e8, appunto, quello di dare nuova vita alla cultura del dono del sangue, di diffonderla soprattutto tra i giovani, i quali, una volta interiorizzato il messaggio &#8211; donare il sangue pu\u00f2 salvare la propria vita cos\u00ec come quella degli altri &#8211; possano a loro volta farsene promotori.  L\u2019aspetto innovativo, sul quale il progetto focalizza l\u2019attenzione, \u00e8 l\u2019impiego di linguaggi e canali di diffusione propri del target identificato, puntando quindi a catturare l\u2019attenzione della fascia giovanile innovando lo stile pubblicitario nell&#8217;ambito della comunicazione sociale, anche tramite l&#8217;uso dei social network e prevedendo l&#8217;utilizzo delle grafiche con affissioni e la proiezione di uno spot tele-cinematografico divulgato anche online su www.facebook.com\/ciaksidona  e www.youtube.com<\/p>\n","protected":false},"excerpt":{"rendered":"<p>Savona. Domani, marted\u00ec 14 giugno si festeggia la Giornata Mondiale del Donatore di Sangue ed in tale circostanza la Asl 2 Savonese, con il Comune di Savona e l\u2019Universit\u00e0 di Genova, intende celebrare l\u2019evento con un incontro aperto alla cittadinanza. Nell\u2019occasione, presso la Sala Rossa del Comune di Savona alle ore 10.30, verr\u00e0 presentata ufficialmente [&hellip;]<\/p>\n","protected":false},"author":13744,"featured_media":0,"comment_status":"open","ping_status":"closed","sticky":false,"template":"","format":"standard","meta":{"footnotes":""},"categories":[],"tags":[292,705,33676,30891,85850],"class_list":["post-168090","post","type-post","status-publish","format-standard","hentry","tag-asl-2","tag-avis","tag-donazione-di-sangue","tag-robert-kubica","tag-savona","post_cat_citta-savona"],"amp_validity":null,"amp_enabled":true,"_links":{"self":[{"href":"https:\/\/staging.ivg.it\/ediapi\/wp\/v2\/posts\/168090","targetHints":{"allow":["GET"]}}],"collection":[{"href":"https:\/\/staging.ivg.it\/ediapi\/wp\/v2\/posts"}],"about":[{"href":"https:\/\/staging.ivg.it\/ediapi\/wp\/v2\/types\/post"}],"author":[{"embeddable":true,"href":"https:\/\/staging.ivg.it\/ediapi\/wp\/v2\/users\/13744"}],"replies":[{"embeddable":true,"href":"https:\/\/staging.ivg.it\/ediapi\/wp\/v2\/comments?post=168090"}],"version-history":[{"count":0,"href":"https:\/\/staging.ivg.it\/ediapi\/wp\/v2\/posts\/168090\/revisions"}],"wp:attachment":[{"href":"https:\/\/staging.ivg.it\/ediapi\/wp\/v2\/media?parent=168090"}],"wp:term":[{"taxonomy":"category","embeddable":true,"href":"https:\/\/staging.ivg.it\/ediapi\/wp\/v2\/categories?post=168090"},{"taxonomy":"post_tag","embeddable":true,"href":"https:\/\/staging.ivg.it\/ediapi\/wp\/v2\/tags?post=168090"}],"curies":[{"name":"wp","href":"https:\/\/api.w.org\/{rel}","templated":true}]}}