{"id":168046,"date":"2011-06-13T10:06:48","date_gmt":"2011-06-13T08:06:48","guid":{"rendered":"http:\/\/www.ivg.it\/?p=168046"},"modified":"2011-06-13T10:06:48","modified_gmt":"2011-06-13T08:06:48","slug":"savona-il-lions-club-savona-priamar-spegne-10-candeline","status":"publish","type":"post","link":"https:\/\/staging.ivg.it\/2011\/06\/savona-il-lions-club-savona-priamar-spegne-10-candeline\/","title":{"rendered":"Savona, il Lions Club Savona Priamar spegne 10 candeline"},"content":{"rendered":"<p><strong>Savona<\/strong>. Nella splendida cornice del baluardo di Santa Teresa sulla fortezza del Priamar, si \u00e8 svolta venerd\u00ec sera la &#8220;X Charter Night&#8221; del Lions Club Savona Priamar. Alla presenza del governatore del distretto 108Ia3, Carlo Calenda, dei past governatori distrettuali Minuto, Zunino e Moretti, e dei rappresentanti dei Club viciniori, i soci del Savona Priamar hanno festeggiato i primi dieci anni di attivit\u00e0 del sodalizio.<\/p>\n<p>Fondato il 6 maggio del 2001 da un gruppo di giovani savonesi, il Savona Priamar annovera oggi 28 soci, l&#8217;ultima delle quali ha fatto il suo ingresso nel Club proprio durante la Charter. Il presidente Valentino Pregliasco ha ripercorso le tappe principali della crescita del Club, che \u00e8 attivamente impegnato nel servizio, sia a favore della comunit\u00e0 locale che a livello internazionale. La serata si \u00e8 conclusa con la consegna di un attestato di riconoscenza ai soci fondatori e a tutti coloro che si impegnano per portare avanti i Service, e con l&#8217;immancabile foto ricordo vicino alla torta.<\/p>\n","protected":false},"excerpt":{"rendered":"<p>Savona. Nella splendida cornice del baluardo di Santa Teresa sulla fortezza del Priamar, si \u00e8 svolta venerd\u00ec sera la &#8220;X Charter Night&#8221; del Lions Club Savona Priamar. Alla presenza del governatore del distretto 108Ia3, Carlo Calenda, dei past governatori distrettuali Minuto, Zunino e Moretti, e dei rappresentanti dei Club viciniori, i soci del Savona Priamar [&hellip;]<\/p>\n","protected":false},"author":13744,"featured_media":0,"comment_status":"open","ping_status":"closed","sticky":false,"template":"","format":"standard","meta":{"footnotes":""},"categories":[119],"tags":[],"class_list":["post-168046","post","type-post","status-publish","format-standard","hentry","category-fotonotizia"],"amp_validity":null,"amp_enabled":true,"_links":{"self":[{"href":"https:\/\/staging.ivg.it\/ediapi\/wp\/v2\/posts\/168046","targetHints":{"allow":["GET"]}}],"collection":[{"href":"https:\/\/staging.ivg.it\/ediapi\/wp\/v2\/posts"}],"about":[{"href":"https:\/\/staging.ivg.it\/ediapi\/wp\/v2\/types\/post"}],"author":[{"embeddable":true,"href":"https:\/\/staging.ivg.it\/ediapi\/wp\/v2\/users\/13744"}],"replies":[{"embeddable":true,"href":"https:\/\/staging.ivg.it\/ediapi\/wp\/v2\/comments?post=168046"}],"version-history":[{"count":0,"href":"https:\/\/staging.ivg.it\/ediapi\/wp\/v2\/posts\/168046\/revisions"}],"wp:attachment":[{"href":"https:\/\/staging.ivg.it\/ediapi\/wp\/v2\/media?parent=168046"}],"wp:term":[{"taxonomy":"category","embeddable":true,"href":"https:\/\/staging.ivg.it\/ediapi\/wp\/v2\/categories?post=168046"},{"taxonomy":"post_tag","embeddable":true,"href":"https:\/\/staging.ivg.it\/ediapi\/wp\/v2\/tags?post=168046"}],"curies":[{"name":"wp","href":"https:\/\/api.w.org\/{rel}","templated":true}]}}