{"id":167476,"date":"2011-06-10T12:12:28","date_gmt":"2011-06-10T10:12:28","guid":{"rendered":"http:\/\/www.ivg.it\/?p=167476"},"modified":"2011-06-14T12:43:44","modified_gmt":"2011-06-14T10:43:44","slug":"alluvione-varazze-in-attesa-della-pioggia-di-euro-delfino-nessuna-certezza-sui-tempi","status":"publish","type":"post","link":"https:\/\/staging.ivg.it\/2011\/06\/alluvione-varazze-in-attesa-della-pioggia-di-euro-delfino-nessuna-certezza-sui-tempi\/","title":{"rendered":"Alluvione, Varazze in attesa della pioggia\u2026 di euro. Delfino: \u201cNessuna certezza sui tempi\u201d"},"content":{"rendered":"<p><strong>Varazze.<\/strong> Piove sul bagnato a Varazze, nel vero senso della parola. Il maltempo di due giorni fa, che si \u00e8 abbattuto su un territorio gi\u00e0 devastato dall&#8217;alluvione del 4 ottobre scorso, pur non creando particolari disagi, ha per\u00f2 mostrato le ferite aperte di una citt\u00e0 alle prese con frane in continuo movimento, fiumi senza argini e colline che si &#8220;screpolano&#8221; per due gocce d&#8217;acqua.<\/p>\n<p>Qui, l&#8217;unica pioggia attesa \u00e8 quella provocata dal tintinnio di euro utili a realizzare le opere necessarie per un ritorno alla normalit\u00e0. Lo scorso 3 giugno la Corte dei Conti ha dato il via libera allo stanziamento, a favore della Liguria dei 90 milioni di euro per i danni causati dalle ultime alluvioni. Si \u00e8 trattato dell\u2019ultimo passaggio contabile prima dell\u2019assegnazione delle risorse alla nostra regione, e dunque anche a Varazze, attraverso il Tesoro e la Protezione Civile.<\/p>\n<p>&#8220;Siamo in attesa degli ulteriori passaggi e dell&#8217;arrivo di 1 milione e 300mila euro per la nostra citt\u00e0 &#8211; dice il sindaco Delfino &#8211; Una cifra che non va comunque a coprire i 2 milioni e 800mila spesi, per cui si prospettano problemi di bilancio. A noi sono arrivati in questi mesi 35mila euro per gli sfollati, 380mila euro sulla somma urgenza pi\u00f9 altri 200mila euro circa&#8221;.<\/p>\n<p>&#8220;Per i 90 milioni si parla di due tranche tra il 2011 e il 2012, ma non sappiamo con quali tempi e modalit\u00e0. Ci vorranno mesi, insomma &#8211; conclude Delfino &#8211; Per noi non \u00e8 sempre facile essere informati tempestivamente sulle decisioni che vengono prese a livello nazionale o regionale, su questo come su altri temi. Non ci rimane che tentare di rimanere in contatto con gli organi preposti, agendo spesso anche attraverso Anci Liguria che, per noi Comuni, \u00e8 un &#8216;tramite&#8217; davvero importante e un mezzo fondamentale attraverso cui essere aggiornati&#8221;.<\/p>\n","protected":false},"excerpt":{"rendered":"<p>Varazze. Piove sul bagnato a Varazze, nel vero senso della parola. Il maltempo di due giorni fa, che si \u00e8 abbattuto su un territorio gi\u00e0 devastato dall&#8217;alluvione del 4 ottobre scorso, pur non creando particolari disagi, ha per\u00f2 mostrato le ferite aperte di una citt\u00e0 alle prese con frane in continuo movimento, fiumi senza argini [&hellip;]<\/p>\n","protected":false},"author":2620,"featured_media":0,"comment_status":"open","ping_status":"closed","sticky":false,"template":"","format":"standard","meta":{"footnotes":""},"categories":[34,31],"tags":[5386,1567,11366,28786,7199,85868],"class_list":["post-167476","post","type-post","status-publish","format-standard","hentry","category-cronaca","category-politica","tag-alluvione","tag-anci","tag-anci-liguria","tag-fondi-alluvione","tag-giovanni-delfino","tag-varazze","post_cat_citta-varazze"],"amp_validity":null,"amp_enabled":true,"_links":{"self":[{"href":"https:\/\/staging.ivg.it\/ediapi\/wp\/v2\/posts\/167476","targetHints":{"allow":["GET"]}}],"collection":[{"href":"https:\/\/staging.ivg.it\/ediapi\/wp\/v2\/posts"}],"about":[{"href":"https:\/\/staging.ivg.it\/ediapi\/wp\/v2\/types\/post"}],"author":[{"embeddable":true,"href":"https:\/\/staging.ivg.it\/ediapi\/wp\/v2\/users\/2620"}],"replies":[{"embeddable":true,"href":"https:\/\/staging.ivg.it\/ediapi\/wp\/v2\/comments?post=167476"}],"version-history":[{"count":0,"href":"https:\/\/staging.ivg.it\/ediapi\/wp\/v2\/posts\/167476\/revisions"}],"wp:attachment":[{"href":"https:\/\/staging.ivg.it\/ediapi\/wp\/v2\/media?parent=167476"}],"wp:term":[{"taxonomy":"category","embeddable":true,"href":"https:\/\/staging.ivg.it\/ediapi\/wp\/v2\/categories?post=167476"},{"taxonomy":"post_tag","embeddable":true,"href":"https:\/\/staging.ivg.it\/ediapi\/wp\/v2\/tags?post=167476"}],"curies":[{"name":"wp","href":"https:\/\/api.w.org\/{rel}","templated":true}]}}