{"id":167210,"date":"2011-06-09T16:12:28","date_gmt":"2011-06-09T14:12:28","guid":{"rendered":"http:\/\/www.ivg.it\/?p=167210"},"modified":"2011-06-10T09:01:40","modified_gmt":"2011-06-10T07:01:40","slug":"profughi-ad-albenga-la-guarnieri-solidarieta-ad-osiglia-pessima-gestione-della-regione","status":"publish","type":"post","link":"https:\/\/staging.ivg.it\/2011\/06\/profughi-ad-albenga-la-guarnieri-solidarieta-ad-osiglia-pessima-gestione-della-regione\/","title":{"rendered":"Profughi ad Albenga, la Guarnieri: \u201cSolidariet\u00e0 ad Osiglia, pessima gestione della Regione\u201d"},"content":{"rendered":"<p><strong>Albenga.<\/strong> \u201cApprendiamo con piacere la notizia che la Regione Liguria avrebbe finalmente accolto e fatto propria la nostra proposta di ristrutturare le ex scuole delle Rapalline con i finanziamenti del dipartimento nazionale della Protezione Civile per renderle idonee all&#8217;ospitalit\u00e0 di profughi. Se avessero risposto con maggiore tempestivit\u00e0 alla nostra proposta iniziale si sarebbe potuto procedere con maggiore celerit\u00e0, e oggi non si troverebbero a dover fronteggiare l&#8217;emergenza nell&#8217;emergenza\u201d. Cos\u00ec il sindaco di Albenga Rosy Guarnieri ribatte alle dichiarazioni di oggi pomeriggio dell\u2019assessore regionale Lorena Rambaudi in merito alla futura sistemazione dei profughi.<\/p>\n<p>\u201cCi auguriamo che seguano gesti concreti in tale direzione, e mi rivolgo quindi all&#8217;assessore Rambaudi per chiederle una nota di impegno relativa a lavori di messa in sicurezza degli impianti elettrici ed idraulici, e alla sistemazione di un adeguato arredo. Attendo quindi provvedimenti ufficiali ed esprimo la mia solidariet\u00e0 al sindaco di Osiglia, alle prese, come Albenga, con l&#8217;incapacit\u00e0 della Regione Liguria a gestire questa emergenza\u201d, conclude il sindaco.<\/p>\n","protected":false},"excerpt":{"rendered":"<p>Albenga. \u201cApprendiamo con piacere la notizia che la Regione Liguria avrebbe finalmente accolto e fatto propria la nostra proposta di ristrutturare le ex scuole delle Rapalline con i finanziamenti del dipartimento nazionale della Protezione Civile per renderle idonee all&#8217;ospitalit\u00e0 di profughi. Se avessero risposto con maggiore tempestivit\u00e0 alla nostra proposta iniziale si sarebbe potuto procedere [&hellip;]<\/p>\n","protected":false},"author":13744,"featured_media":0,"comment_status":"open","ping_status":"closed","sticky":false,"template":"","format":"standard","meta":{"footnotes":""},"categories":[],"tags":[85841,2944,31028,6607],"class_list":["post-167210","post","type-post","status-publish","format-standard","hentry","tag-albenga","tag-lorena-rambaudi","tag-profughi","tag-rosy-guarnieri","post_cat_citta-andora"],"amp_validity":null,"amp_enabled":true,"_links":{"self":[{"href":"https:\/\/staging.ivg.it\/ediapi\/wp\/v2\/posts\/167210","targetHints":{"allow":["GET"]}}],"collection":[{"href":"https:\/\/staging.ivg.it\/ediapi\/wp\/v2\/posts"}],"about":[{"href":"https:\/\/staging.ivg.it\/ediapi\/wp\/v2\/types\/post"}],"author":[{"embeddable":true,"href":"https:\/\/staging.ivg.it\/ediapi\/wp\/v2\/users\/13744"}],"replies":[{"embeddable":true,"href":"https:\/\/staging.ivg.it\/ediapi\/wp\/v2\/comments?post=167210"}],"version-history":[{"count":0,"href":"https:\/\/staging.ivg.it\/ediapi\/wp\/v2\/posts\/167210\/revisions"}],"wp:attachment":[{"href":"https:\/\/staging.ivg.it\/ediapi\/wp\/v2\/media?parent=167210"}],"wp:term":[{"taxonomy":"category","embeddable":true,"href":"https:\/\/staging.ivg.it\/ediapi\/wp\/v2\/categories?post=167210"},{"taxonomy":"post_tag","embeddable":true,"href":"https:\/\/staging.ivg.it\/ediapi\/wp\/v2\/tags?post=167210"}],"curies":[{"name":"wp","href":"https:\/\/api.w.org\/{rel}","templated":true}]}}