{"id":166387,"date":"2011-06-06T18:32:10","date_gmt":"2011-06-06T16:32:10","guid":{"rendered":"http:\/\/www.ivg.it\/?p=166387"},"modified":"2011-06-07T07:08:37","modified_gmt":"2011-06-07T05:08:37","slug":"osiglia-profughi-10-migranti-asserragliati-sul-pullman-foto","status":"publish","type":"post","link":"https:\/\/staging.ivg.it\/2011\/06\/osiglia-profughi-10-migranti-asserragliati-sul-pullman-foto\/","title":{"rendered":"Osiglia, tutti i profughi sono stati alloggiati all\u2019Imbarcadero (foto)"},"content":{"rendered":"<p><strong>Osiglia.<\/strong> Resta difficile la situazione profughi ad Osiglia. Secondo quanto riferito, i 32 migranti, a dir poco restii, a scendere dal pullman per alloggiare nell&#8217;ostello di fronte al lago, sono scesi dal bus e sembrano aver accettato la soluzione di fermarsi all&#8217;Imbarcadero. I profughi, tutti con regolare permesso, chiedono a pi\u00f9 riprese di tornare alla frontiera di Ventimiglia e che il loro desiderio \u00e8 quello di andare in Francia. La protesta \u00e8 stata motivata anche dal fatto che la struttura \u00e8 molto lontana dalla stazione ferroviaria.<\/p>\n<p>L&#8217;area dell&#8217;ostello \u00e8 ancora presidiata dalle forze dell&#8217;ordine. Domani mattina molti di loro ripartiranno per la cittadina di confine. Al sindaco Paola Scarzella \u00e8 stato assicurato che entro gioved\u00ec i migranti ancora presenti ad Osiglia verranno poi trasferiti ad Albenga. In questo momento i profughi stanno prendendo confidenza con la struttura che li ospiter\u00e0 per qualche giorno.<\/p>\n","protected":false},"excerpt":{"rendered":"<p>Osiglia. Resta difficile la situazione profughi ad Osiglia. Secondo quanto riferito, i 32 migranti, a dir poco restii, a scendere dal pullman per alloggiare nell&#8217;ostello di fronte al lago, sono scesi dal bus e sembrano aver accettato la soluzione di fermarsi all&#8217;Imbarcadero. I profughi, tutti con regolare permesso, chiedono a pi\u00f9 riprese di tornare alla [&hellip;]<\/p>\n","protected":false},"author":13744,"featured_media":0,"comment_status":"open","ping_status":"closed","sticky":false,"template":"","format":"standard","meta":{"footnotes":""},"categories":[34],"tags":[85935,31028],"class_list":["post-166387","post","type-post","status-publish","format-standard","hentry","category-cronaca","tag-osiglia","tag-profughi","post_cat_citta-andora","post_cat_citta-osiglia"],"amp_validity":null,"amp_enabled":true,"_links":{"self":[{"href":"https:\/\/staging.ivg.it\/ediapi\/wp\/v2\/posts\/166387","targetHints":{"allow":["GET"]}}],"collection":[{"href":"https:\/\/staging.ivg.it\/ediapi\/wp\/v2\/posts"}],"about":[{"href":"https:\/\/staging.ivg.it\/ediapi\/wp\/v2\/types\/post"}],"author":[{"embeddable":true,"href":"https:\/\/staging.ivg.it\/ediapi\/wp\/v2\/users\/13744"}],"replies":[{"embeddable":true,"href":"https:\/\/staging.ivg.it\/ediapi\/wp\/v2\/comments?post=166387"}],"version-history":[{"count":0,"href":"https:\/\/staging.ivg.it\/ediapi\/wp\/v2\/posts\/166387\/revisions"}],"wp:attachment":[{"href":"https:\/\/staging.ivg.it\/ediapi\/wp\/v2\/media?parent=166387"}],"wp:term":[{"taxonomy":"category","embeddable":true,"href":"https:\/\/staging.ivg.it\/ediapi\/wp\/v2\/categories?post=166387"},{"taxonomy":"post_tag","embeddable":true,"href":"https:\/\/staging.ivg.it\/ediapi\/wp\/v2\/tags?post=166387"}],"curies":[{"name":"wp","href":"https:\/\/api.w.org\/{rel}","templated":true}]}}