{"id":166218,"date":"2011-06-06T13:05:54","date_gmt":"2011-06-06T11:05:54","guid":{"rendered":"http:\/\/www.ivg.it\/?p=166218"},"modified":"2011-06-06T17:58:05","modified_gmt":"2011-06-06T15:58:05","slug":"savona-synchro-open-il-sindaco-berruti-un-altro-battesimo-a-livello-internazionale","status":"publish","type":"post","link":"https:\/\/staging.ivg.it\/2011\/06\/savona-synchro-open-il-sindaco-berruti-un-altro-battesimo-a-livello-internazionale\/","title":{"rendered":"Savona Synchro Open, il sindaco Berruti: \u201cUn altro battesimo a livello internazionale\u201d"},"content":{"rendered":"<p><strong>Savona<\/strong>. Tre Comuni che si uniscono, insieme alla Provincia di Savona, per assicurare uno spettacolo che ritragga il meglio del nuoto sincronizzato a livello nazionale e non solo. <\/p>\n<p>Savona, Loano e Albisola Superiore si preparano all&#8217;evento che si terr\u00e0 nella piscina Zanelli dal 9 al 12 giugno: si tratta del Savona Synchro Open e dei campionati italiani Assoluti estivi. &#8220;La particolarit\u00e0 \u00e8 che tre Comuni insieme alla Provincia si siano uniti per una manifestazione che si terr\u00e0 in un&#8217;unica citt\u00e0 &#8211; dice il numero uno di Palazzo Nervi, Angelo Vaccarezza &#8211; Savona ha una grande tradizione per ci\u00f2 che concerne il nuoto sincronizzato e ora siamo riusciti a portare qui un evento importantissimo che far\u00e0 del nostro capoluogo di provincia la capitale assoluta di questa disciplina sportiva&#8221;. <\/p>\n<p>&#8220;Si tratta di un altro bel battesimo a livello internazionale, dopo la finale di Coppa Len della pallanuoto &#8211; aggiunge il sindaco di Savona, Federico Berruti &#8211; Questa volta ospitiamo la competizione pi\u00f9 prestigiosa del sincronizzato ed \u00e8 una dimostrazione non solo del prestigio, acquisito in questo settore, della scuola savonese, ma anche della capacit\u00e0 della nostra piscina di ospitare eventi di tale portata. Saranno 300 gli atleti in arrivo, pi\u00f9 gli accompagnatori e le famiglie: sar\u00e0 dunque anche un&#8217;occasione di promozione del territorio&#8221;.<\/p>\n<p>&#8220;Una location davvero splendida &#8211; \u00e8 il giudizio di Stefania Durini, presidente della Commissione tecnica della Federazione mondiale di nuoto sincronizzato &#8211; Questa disciplina ha radici solide a Savona: molte delle nostre atlete provengono da questo territorio. E&#8217; un appuntamento importante. Non so se riusciremo a qualificarci per le Olimpiadi ma qui faremo del nostro meglio&#8221;.<\/p>\n","protected":false},"excerpt":{"rendered":"<p>Savona. Tre Comuni che si uniscono, insieme alla Provincia di Savona, per assicurare uno spettacolo che ritragga il meglio del nuoto sincronizzato a livello nazionale e non solo. Savona, Loano e Albisola Superiore si preparano all&#8217;evento che si terr\u00e0 nella piscina Zanelli dal 9 al 12 giugno: si tratta del Savona Synchro Open e dei [&hellip;]<\/p>\n","protected":false},"author":13744,"featured_media":0,"comment_status":"open","ping_status":"closed","sticky":false,"template":"","format":"standard","meta":{"footnotes":""},"categories":[32],"tags":[432,85827,476,1768,85850],"class_list":["post-166218","post","type-post","status-publish","format-standard","hentry","category-sport","tag-albisola","tag-loano","tag-nuoto","tag-nuoto-sincronizzato","tag-savona","post_cat_citta-albisola-superiore","post_cat_citta-albissola-marina","post_cat_citta-loano","post_cat_citta-savona"],"amp_validity":null,"amp_enabled":true,"_links":{"self":[{"href":"https:\/\/staging.ivg.it\/ediapi\/wp\/v2\/posts\/166218","targetHints":{"allow":["GET"]}}],"collection":[{"href":"https:\/\/staging.ivg.it\/ediapi\/wp\/v2\/posts"}],"about":[{"href":"https:\/\/staging.ivg.it\/ediapi\/wp\/v2\/types\/post"}],"author":[{"embeddable":true,"href":"https:\/\/staging.ivg.it\/ediapi\/wp\/v2\/users\/13744"}],"replies":[{"embeddable":true,"href":"https:\/\/staging.ivg.it\/ediapi\/wp\/v2\/comments?post=166218"}],"version-history":[{"count":0,"href":"https:\/\/staging.ivg.it\/ediapi\/wp\/v2\/posts\/166218\/revisions"}],"wp:attachment":[{"href":"https:\/\/staging.ivg.it\/ediapi\/wp\/v2\/media?parent=166218"}],"wp:term":[{"taxonomy":"category","embeddable":true,"href":"https:\/\/staging.ivg.it\/ediapi\/wp\/v2\/categories?post=166218"},{"taxonomy":"post_tag","embeddable":true,"href":"https:\/\/staging.ivg.it\/ediapi\/wp\/v2\/tags?post=166218"}],"curies":[{"name":"wp","href":"https:\/\/api.w.org\/{rel}","templated":true}]}}