{"id":166016,"date":"2011-06-05T11:38:36","date_gmt":"2011-06-05T09:38:36","guid":{"rendered":"http:\/\/www.ivg.it\/?p=166016"},"modified":"2011-06-05T21:16:10","modified_gmt":"2011-06-05T19:16:10","slug":"enpa-caccia-selvaggia-e-senza-regole-in-liguria","status":"publish","type":"post","link":"https:\/\/staging.ivg.it\/2011\/06\/enpa-caccia-selvaggia-e-senza-regole-in-liguria\/","title":{"rendered":"Enpa: \u201cCaccia selvaggia e senza regole in Liguria\u201d"},"content":{"rendered":"<p><strong>Liguria.<\/strong> Protesta della Protezione Animali savonese contro l&#8217;approvazione del calendario venatorio regionale triennale. &#8220;Il consiglio regionale della Liguria ha violato sia la Costituzione, adottando con legge un  provvedimento che andrebbe approvato in via amministrativa, sia la normativa  nazionale e  comunitaria di settore, ignorando le indicazioni dell&#8217;Ispra sui tempi di caccia in relazione alla tutela nei periodi di migrazione&#8221;, dicono i volontari.<\/p>\n<p>&#8220;Oltre a chiedere immediatamente l&#8217;impugnazione della legge da parte del  Governo davanti alla suprema Corte &#8211; proseguono i volontari Enpa &#8211; insieme alle altre associazioni ambientaliste ed animaliste chiederemo tramite i loro legali alle autorit\u00e0 competenti di valutare le possibili responsabilit\u00e0 di tutti coloro che, con una maggioranza &#8216;bulgara&#8217; (SEL compreso!), hanno votato a favore di un provvedimento illegittimo. Non si possono pi\u00f9 tollerare tali atteggiamenti da parte di chi  dovrebbe agire nel solco della legalit\u00e0 e nell&#8217;interrese della comunit\u00e0 ed  invece ricorre a strumenti illegittimi favorendo una piccola parte di cittadini a danno della stragrande maggioranza, calpestando le regole e provocando danni irreparabili alla fauna&#8221;<\/p>\n<p>&#8220;Ciliegina sulla torta \u00e8 stata l&#8217;apertura della caccia alla minilepre, specie estranea alla fauna locale e presente soltanto per incaute liberazioni di animali d&#8217;allevamento negli anni passati; e che, proprio per il fondato timore che favorir\u00e0 altre liberazioni illecite, \u00e8 stata sconsigliata dall&#8217;Ispra. Come Enpa speriamo che non si apra un terzo fronte di danni all?agricoltura portati dall&#8217;espansione della specie, come avvenuto per gli stessi motivi per cinghiali e caprioli&#8221;.<\/p>\n<p>&#8220;Non contenti di uccidere in Liguria 300.000 animali all&#8217;anno, cacciatori e loro sponsorpolitici chiedono ora la caccia in deroga allo storno, sulla base di inesistenti danni all&#8217;agricoltura e con il rischio di una condanna milionaria che l&#8217;Unione Europea ha gi\u00e0 comminato alla Liguria, cio\u00e8 a tutti i cittadini liguri, per i massacri del 2004\/2006. Del resto la Liguria non \u00e8 nuova a tali costosi smacchi: lo scorso novembre un&#8217;altra legge ligure con cui si autorizzava la caccia dopo il tramonto \u00e8 stata impugnata dal Governo davanti alla Corte costituzionale per macroscopiche illegittimit\u00e0&#8221;, concludono i volontari.<\/p>\n","protected":false},"excerpt":{"rendered":"<p>Liguria. Protesta della Protezione Animali savonese contro l&#8217;approvazione del calendario venatorio regionale triennale. &#8220;Il consiglio regionale della Liguria ha violato sia la Costituzione, adottando con legge un provvedimento che andrebbe approvato in via amministrativa, sia la normativa nazionale e comunitaria di settore, ignorando le indicazioni dell&#8217;Ispra sui tempi di caccia in relazione alla tutela nei [&hellip;]<\/p>\n","protected":false},"author":13744,"featured_media":0,"comment_status":"open","ping_status":"closed","sticky":false,"template":"","format":"standard","meta":{"footnotes":""},"categories":[],"tags":[899,1221,33376,436],"class_list":["post-166016","post","type-post","status-publish","format-standard","hentry","tag-caccia","tag-cacciatori","tag-calendario-venatorio","tag-enpa"],"amp_validity":null,"amp_enabled":true,"_links":{"self":[{"href":"https:\/\/staging.ivg.it\/ediapi\/wp\/v2\/posts\/166016","targetHints":{"allow":["GET"]}}],"collection":[{"href":"https:\/\/staging.ivg.it\/ediapi\/wp\/v2\/posts"}],"about":[{"href":"https:\/\/staging.ivg.it\/ediapi\/wp\/v2\/types\/post"}],"author":[{"embeddable":true,"href":"https:\/\/staging.ivg.it\/ediapi\/wp\/v2\/users\/13744"}],"replies":[{"embeddable":true,"href":"https:\/\/staging.ivg.it\/ediapi\/wp\/v2\/comments?post=166016"}],"version-history":[{"count":0,"href":"https:\/\/staging.ivg.it\/ediapi\/wp\/v2\/posts\/166016\/revisions"}],"wp:attachment":[{"href":"https:\/\/staging.ivg.it\/ediapi\/wp\/v2\/media?parent=166016"}],"wp:term":[{"taxonomy":"category","embeddable":true,"href":"https:\/\/staging.ivg.it\/ediapi\/wp\/v2\/categories?post=166016"},{"taxonomy":"post_tag","embeddable":true,"href":"https:\/\/staging.ivg.it\/ediapi\/wp\/v2\/tags?post=166016"}],"curies":[{"name":"wp","href":"https:\/\/api.w.org\/{rel}","templated":true}]}}