{"id":165215,"date":"2011-05-31T16:41:09","date_gmt":"2011-05-31T14:41:09","guid":{"rendered":"http:\/\/www.ivg.it\/?p=165215"},"modified":"2011-05-31T16:41:09","modified_gmt":"2011-05-31T14:41:09","slug":"ambiente-la-regione-liguria-punta-sugli-acquisti-verdi","status":"publish","type":"post","link":"https:\/\/staging.ivg.it\/2011\/05\/ambiente-la-regione-liguria-punta-sugli-acquisti-verdi\/","title":{"rendered":"Ambiente, la Regione Liguria punta sugli acquisti &#8220;verdi&#8221;"},"content":{"rendered":"<p><strong>Regione<\/strong>. Gli acquisti della pubblica amministrazione incidono per il 18% sul Pil nazionale e allora la Regione Liguria punta sugli acquisti &#8220;verdi&#8221;, ecocompatibili, per dare un segnale forte nell&#8217;ambito delle strategie e delle azioni per l&#8217;ambiente. Ad annunciarlo, a margine del Forum dell&#8217;Ambiente 2011, l&#8217;assessore Renata Briano, che ha fatto il punto sulle strategie e i progetti per lo sviluppo sostenibile.<\/p>\n<p>&#8220;Per questo forum siamo partiti da un principio &#8211; ha spiegato Renata Briano &#8211; quello che l&#8217;ambiente non \u00e8 una disciplina a s\u00e9, ma un modo di operare trasversale, e che la biodiversit\u00e0 pu\u00f2 essere motore di sviluppo per il territorio. Tra i comportamenti virtuosi che gli enti locali possono sviluppare per il rispetto dell&#8217;ambiente ci sono gli acquisti verdi. Si tratta, infatti, di prediligere acquisti che abbiano un impatto ambientale minore, ma anche un impatto sociale basso, come prodotti realizzati, ad esempio, nel rispetto dei diritti del lavoro&#8221;.<\/p>\n<p>&#8220;Per attuare questa misura &#8211; ha concluso l&#8217;assessore &#8211; la Regione Liguria ha gi\u00e0 costituito un gruppo di lavoro che ha il compito di creare un metodo che poi sar\u00e0 applicato dagli uffici che si occupano degli acquisti&#8221;.<\/p>\n","protected":false},"excerpt":{"rendered":"<p>Regione. Gli acquisti della pubblica amministrazione incidono per il 18% sul Pil nazionale e allora la Regione Liguria punta sugli acquisti &#8220;verdi&#8221;, ecocompatibili, per dare un segnale forte nell&#8217;ambito delle strategie e delle azioni per l&#8217;ambiente. Ad annunciarlo, a margine del Forum dell&#8217;Ambiente 2011, l&#8217;assessore Renata Briano, che ha fatto il punto sulle strategie e [&hellip;]<\/p>\n","protected":false},"author":13744,"featured_media":0,"comment_status":"open","ping_status":"closed","sticky":false,"template":"","format":"standard","meta":{"footnotes":""},"categories":[35],"tags":[10894,3478,295,22427],"class_list":["post-165215","post","type-post","status-publish","format-standard","hentry","category-economia","tag-acquisti","tag-pubblica-amministrazione","tag-regione","tag-renata-briano","post_cat_citta-andora"],"amp_validity":null,"amp_enabled":true,"_links":{"self":[{"href":"https:\/\/staging.ivg.it\/ediapi\/wp\/v2\/posts\/165215","targetHints":{"allow":["GET"]}}],"collection":[{"href":"https:\/\/staging.ivg.it\/ediapi\/wp\/v2\/posts"}],"about":[{"href":"https:\/\/staging.ivg.it\/ediapi\/wp\/v2\/types\/post"}],"author":[{"embeddable":true,"href":"https:\/\/staging.ivg.it\/ediapi\/wp\/v2\/users\/13744"}],"replies":[{"embeddable":true,"href":"https:\/\/staging.ivg.it\/ediapi\/wp\/v2\/comments?post=165215"}],"version-history":[{"count":0,"href":"https:\/\/staging.ivg.it\/ediapi\/wp\/v2\/posts\/165215\/revisions"}],"wp:attachment":[{"href":"https:\/\/staging.ivg.it\/ediapi\/wp\/v2\/media?parent=165215"}],"wp:term":[{"taxonomy":"category","embeddable":true,"href":"https:\/\/staging.ivg.it\/ediapi\/wp\/v2\/categories?post=165215"},{"taxonomy":"post_tag","embeddable":true,"href":"https:\/\/staging.ivg.it\/ediapi\/wp\/v2\/tags?post=165215"}],"curies":[{"name":"wp","href":"https:\/\/api.w.org\/{rel}","templated":true}]}}