{"id":165186,"date":"2011-05-31T16:06:37","date_gmt":"2011-05-31T14:06:37","guid":{"rendered":"http:\/\/www.ivg.it\/?p=165186"},"modified":"2011-06-01T11:14:47","modified_gmt":"2011-06-01T09:14:47","slug":"processo-tomaso-bruno-la-mamma-sembra-che-si-avvicini-la-fine-di-questa-assurda-storia","status":"publish","type":"post","link":"https:\/\/staging.ivg.it\/2011\/05\/processo-tomaso-bruno-la-mamma-sembra-che-si-avvicini-la-fine-di-questa-assurda-storia\/","title":{"rendered":"Processo Tomaso Bruno, la mamma: \u201cSembra che si avvicini la fine di questa assurda storia\u201d"},"content":{"rendered":"<p><strong>Albenga<\/strong>. Oggi in udienza si \u00e8 concluso il contro-interrogatorio di Vibhu Shankar, avvocato di Tomaso Bruno ed Elisabetta Boncompagni. A renderlo noto \u00e8 Marina Maurizio, madre del ragazzo albenganese che si trova in carcere in India.<\/p>\n<p>&#8220;In India &#8211; spiega &#8211; il mese di giugno \u00e8 come da noi il mese di agosto e quindi anche il nostro giudice inizier\u00e0 le ferie estive l&#8217;1 giugno 2011. Sar\u00e0 per\u00f2 di rientro il 10 giugno, ma essendo sabato 11 giugno il secondo sabato del mese, giorno in cui i tribunali rimangono sempre chiusi, il nostro caso \u00e8 stato aggiornato a luned\u00ec 13 giugno&#8221;.<\/p>\n<p>&#8220;Quel giorno &#8211; dichiara la madre di Tomaso &#8211; inizier\u00e0 il dibattimento finale, quindi anche i nostri avvocati avranno il tempo necessario per preparare la loro memoria difensiva. Sembra che finalmente e faticosamente si avvicini la fine di questa assurda storia, anche questa volta per\u00f2 i tempi indicati dalla Suprema Corte indiana difficilmente saranno rispettati. La data indicata era il 21 giugno, per\u00f2 la difesa avr\u00e0 bisogno di almeno quattro o cinque udienze e non sappiamo se anche l&#8217;accusa avr\u00e0 a disposizione delle udienze per fare la sua dichiarazione. Il giudice aveva poi gi\u00e0 premesso che si sarebbe preso una decina di giorni almeno per riesaminare tutti gli atti e per scrivere la sentenza&#8221;.<\/p>\n<p>Presumibilmente quindi la sentenza potrebbe arrivare entro fine giugno. &#8220;Noi luned\u00ec partiremo per l&#8217;India &#8211; prosegue Marina Maurizio -, prima tappa New Delhi dove il 7 o l&#8217;8 giugno avremo un incontro con l&#8217;ambasciatore, il console e con i legali dello Studio Titus, per poi raggiungere Varanasi venerd\u00ec 10 giugno&#8221;.<\/p>\n<p>&#8220;Saremo quindi vicini a nostro figlio Tomaso ed a Elisabetta durante tutto il dibattimento finale e la lettura della sentenza. Non \u00e8 escluso &#8211; conclude &#8211; che un funzionario dell&#8217;ambasciata italiana possa assistere come rappresentante dello Stato italiano ad una o due udienze in questa fase finale, per ribadire l&#8217;interressamento delle nostre istituzioni nella vicenda&#8221;.<\/p>\n","protected":false},"excerpt":{"rendered":"<p>Albenga. Oggi in udienza si \u00e8 concluso il contro-interrogatorio di Vibhu Shankar, avvocato di Tomaso Bruno ed Elisabetta Boncompagni. A renderlo noto \u00e8 Marina Maurizio, madre del ragazzo albenganese che si trova in carcere in India. &#8220;In India &#8211; spiega &#8211; il mese di giugno \u00e8 come da noi il mese di agosto e quindi [&hellip;]<\/p>\n","protected":false},"author":13744,"featured_media":0,"comment_status":"open","ping_status":"closed","sticky":false,"template":"","format":"standard","meta":{"footnotes":""},"categories":[],"tags":[85841,26423,29240,21324],"class_list":["post-165186","post","type-post","status-publish","format-standard","hentry","tag-albenga","tag-marina-maurizio","tag-processo-bruno","tag-varanasi","post_cat_citta-albenga"],"amp_validity":null,"amp_enabled":true,"_links":{"self":[{"href":"https:\/\/staging.ivg.it\/ediapi\/wp\/v2\/posts\/165186","targetHints":{"allow":["GET"]}}],"collection":[{"href":"https:\/\/staging.ivg.it\/ediapi\/wp\/v2\/posts"}],"about":[{"href":"https:\/\/staging.ivg.it\/ediapi\/wp\/v2\/types\/post"}],"author":[{"embeddable":true,"href":"https:\/\/staging.ivg.it\/ediapi\/wp\/v2\/users\/13744"}],"replies":[{"embeddable":true,"href":"https:\/\/staging.ivg.it\/ediapi\/wp\/v2\/comments?post=165186"}],"version-history":[{"count":0,"href":"https:\/\/staging.ivg.it\/ediapi\/wp\/v2\/posts\/165186\/revisions"}],"wp:attachment":[{"href":"https:\/\/staging.ivg.it\/ediapi\/wp\/v2\/media?parent=165186"}],"wp:term":[{"taxonomy":"category","embeddable":true,"href":"https:\/\/staging.ivg.it\/ediapi\/wp\/v2\/categories?post=165186"},{"taxonomy":"post_tag","embeddable":true,"href":"https:\/\/staging.ivg.it\/ediapi\/wp\/v2\/tags?post=165186"}],"curies":[{"name":"wp","href":"https:\/\/api.w.org\/{rel}","templated":true}]}}