{"id":165181,"date":"2011-05-31T15:44:00","date_gmt":"2011-05-31T13:44:00","guid":{"rendered":"http:\/\/www.ivg.it\/?p=165181"},"modified":"2011-05-31T15:44:00","modified_gmt":"2011-05-31T13:44:00","slug":"ponte-del-2-giugno-traffico-giovedi-e-domenica-le-giornate-critiche","status":"publish","type":"post","link":"https:\/\/staging.ivg.it\/2011\/05\/ponte-del-2-giugno-traffico-giovedi-e-domenica-le-giornate-critiche\/","title":{"rendered":"Ponte del 2 giugno, traffico: gioved\u00ec e domenica le giornate critiche"},"content":{"rendered":"<p><strong>Provincia<\/strong>. In corrispondenza del periodo relativo al ponte del 2 giugno, la direzione dell&#8217;Autostrada dei Fiori ha reso note le previsioni di traffico sulla tratta della A10 tra Savona e il confine di Stato per i giorni pi\u00f9 &#8220;caldi&#8221;.<\/p>\n<p>Domani, mercoled\u00ec 1 giugno, \u00e8 previsto traffico intenso in direzione Francia.<\/p>\n<p>Gioved\u00ec 2, in mattinata, sono possibili code in uscita alle stazioni di Spotorno e Finale Ligure. In entrambe le direzioni vi sar\u00e0 traffico intenso e saranno possibili rallentamenti o code nella tratta Savona\/Finale Ligure nella fascia oraria compresa tra le 10 e le 12, in graduale aumento ed estensione a partire da Savona, con tendenza alla diminuzione a partire da dopo le ore 11.<\/p>\n<p>Traffico intenso su tutta la tratta, in entrambe le direzioni, \u00e8 previsto sia per venerd\u00ec 3 e sabato 4, senza per\u00f2 particolari criticit\u00e0. Domenica 5 sono ritenuti probabili rallentamenti o code tra Borghetto Santo Spirito e Savona nella fascia oraria compresa tra le 11,30 e le 24, in graduale aumento ed estensione a partire da Savona, con tendenza alla diminuzione da dopo le ore 22.<\/p>\n","protected":false},"excerpt":{"rendered":"<p>Provincia. In corrispondenza del periodo relativo al ponte del 2 giugno, la direzione dell&#8217;Autostrada dei Fiori ha reso note le previsioni di traffico sulla tratta della A10 tra Savona e il confine di Stato per i giorni pi\u00f9 &#8220;caldi&#8221;. Domani, mercoled\u00ec 1 giugno, \u00e8 previsto traffico intenso in direzione Francia. Gioved\u00ec 2, in mattinata, sono [&hellip;]<\/p>\n","protected":false},"author":13744,"featured_media":0,"comment_status":"open","ping_status":"closed","sticky":false,"template":"","format":"standard","meta":{"footnotes":""},"categories":[],"tags":[789,590,4986,592],"class_list":["post-165181","post","type-post","status-publish","format-standard","hentry","tag-a10","tag-autostrada","tag-code","tag-traffico","post_cat_citta-andora"],"amp_validity":null,"amp_enabled":true,"_links":{"self":[{"href":"https:\/\/staging.ivg.it\/ediapi\/wp\/v2\/posts\/165181","targetHints":{"allow":["GET"]}}],"collection":[{"href":"https:\/\/staging.ivg.it\/ediapi\/wp\/v2\/posts"}],"about":[{"href":"https:\/\/staging.ivg.it\/ediapi\/wp\/v2\/types\/post"}],"author":[{"embeddable":true,"href":"https:\/\/staging.ivg.it\/ediapi\/wp\/v2\/users\/13744"}],"replies":[{"embeddable":true,"href":"https:\/\/staging.ivg.it\/ediapi\/wp\/v2\/comments?post=165181"}],"version-history":[{"count":0,"href":"https:\/\/staging.ivg.it\/ediapi\/wp\/v2\/posts\/165181\/revisions"}],"wp:attachment":[{"href":"https:\/\/staging.ivg.it\/ediapi\/wp\/v2\/media?parent=165181"}],"wp:term":[{"taxonomy":"category","embeddable":true,"href":"https:\/\/staging.ivg.it\/ediapi\/wp\/v2\/categories?post=165181"},{"taxonomy":"post_tag","embeddable":true,"href":"https:\/\/staging.ivg.it\/ediapi\/wp\/v2\/tags?post=165181"}],"curies":[{"name":"wp","href":"https:\/\/api.w.org\/{rel}","templated":true}]}}