{"id":165164,"date":"2011-05-31T15:05:48","date_gmt":"2011-05-31T13:05:48","guid":{"rendered":"http:\/\/www.ivg.it\/?p=165164"},"modified":"2011-05-31T15:05:48","modified_gmt":"2011-05-31T13:05:48","slug":"carceri-salamone-denuncia-a-savona-un-clamoroso-ritardo","status":"publish","type":"post","link":"https:\/\/staging.ivg.it\/2011\/05\/carceri-salamone-denuncia-a-savona-un-clamoroso-ritardo\/","title":{"rendered":"Carceri, Salamone denuncia: &#8220;A Savona un clamoroso ritardo&#8221;"},"content":{"rendered":"<p><strong>Savona<\/strong>. Le gravi carenze nell&#8217;organico della polizia penitenziaria e il sovraffollamento degli istituti di pena sono stati al centro dell&#8217;intervento di Giovanni Salamone, direttore regionale dell&#8217;amministrazione penitenziaria, in occasione della festa del corpo che si \u00e8 svolta questa mattina a Genova.<\/p>\n<p>&#8220;L&#8217;elemento pi\u00f9 preoccupante &#8211; ha sottolineato Salamone &#8211; \u00e8 la carenza degli organici, ma il nostro sistema penitenziario risente anche di un elemento culturale, cio\u00e8 la suggestione secondo cui il carcere diventa l&#8217;unica risposta possibile alla domanda di sicurezza dei cittadini. All&#8217;interno degli istituti, quindi, insieme a coloro che sono responsabili di autentici reati, rimangono oltre il 40% di persone ancora in attesa di giudizio e anche tante persone per le quali, probabilmente, la pena della reclusione \u00e8 superiore rispetto all&#8217;entit\u00e0 della colpa che hanno commesso. Noi siamo dei tecnici, ad altri la responsabilit\u00e0 di trovare soluzioni che, a mio giudizio, non sono solo quelle di creare nuove prigioni&#8221;.<\/p>\n<p>&#8220;Nonostante gli annunci &#8211; ha detto ancora Salamone &#8211; proprio nella nostra regione abbiamo un clamoroso ritardo che riguarda la casa circondariale di Savona. Un ritardo che oggi ci costringe a riempire di persone un edificio inqualificabile nel quale il nostro personale \u00e8 costretto a operare&#8221;.<\/p>\n","protected":false},"excerpt":{"rendered":"<p>Savona. Le gravi carenze nell&#8217;organico della polizia penitenziaria e il sovraffollamento degli istituti di pena sono stati al centro dell&#8217;intervento di Giovanni Salamone, direttore regionale dell&#8217;amministrazione penitenziaria, in occasione della festa del corpo che si \u00e8 svolta questa mattina a Genova. &#8220;L&#8217;elemento pi\u00f9 preoccupante &#8211; ha sottolineato Salamone &#8211; \u00e8 la carenza degli organici, ma [&hellip;]<\/p>\n","protected":false},"author":13744,"featured_media":0,"comment_status":"open","ping_status":"closed","sticky":false,"template":"","format":"standard","meta":{"footnotes":""},"categories":[],"tags":[3665,85850],"class_list":["post-165164","post","type-post","status-publish","format-standard","hentry","tag-carceri","tag-savona","post_cat_citta-savona"],"amp_validity":null,"amp_enabled":true,"_links":{"self":[{"href":"https:\/\/staging.ivg.it\/ediapi\/wp\/v2\/posts\/165164","targetHints":{"allow":["GET"]}}],"collection":[{"href":"https:\/\/staging.ivg.it\/ediapi\/wp\/v2\/posts"}],"about":[{"href":"https:\/\/staging.ivg.it\/ediapi\/wp\/v2\/types\/post"}],"author":[{"embeddable":true,"href":"https:\/\/staging.ivg.it\/ediapi\/wp\/v2\/users\/13744"}],"replies":[{"embeddable":true,"href":"https:\/\/staging.ivg.it\/ediapi\/wp\/v2\/comments?post=165164"}],"version-history":[{"count":0,"href":"https:\/\/staging.ivg.it\/ediapi\/wp\/v2\/posts\/165164\/revisions"}],"wp:attachment":[{"href":"https:\/\/staging.ivg.it\/ediapi\/wp\/v2\/media?parent=165164"}],"wp:term":[{"taxonomy":"category","embeddable":true,"href":"https:\/\/staging.ivg.it\/ediapi\/wp\/v2\/categories?post=165164"},{"taxonomy":"post_tag","embeddable":true,"href":"https:\/\/staging.ivg.it\/ediapi\/wp\/v2\/tags?post=165164"}],"curies":[{"name":"wp","href":"https:\/\/api.w.org\/{rel}","templated":true}]}}