{"id":165113,"date":"2011-05-31T16:08:25","date_gmt":"2011-05-31T14:08:25","guid":{"rendered":"http:\/\/www.ivg.it\/?p=165113"},"modified":"2011-05-31T19:37:31","modified_gmt":"2011-05-31T17:37:31","slug":"savona-il-14-giugno-si-riunira-il-primo-consiglio-comunale-giunta-in-itinere","status":"publish","type":"post","link":"https:\/\/staging.ivg.it\/2011\/05\/savona-il-14-giugno-si-riunira-il-primo-consiglio-comunale-giunta-in-itinere\/","title":{"rendered":"Savona, il 14 giugno si riunir\u00e0 il primo Consiglio comunale: giunta \u201cin itinere\u201d"},"content":{"rendered":"<p><strong>Savona.<\/strong> Si terr\u00e0 il prossimo 14 giugno il primo Consiglio comunale del Berruti-bis. Il primo cittadino, in occasione della presentazione odierna del suo staff, ha fatto solo sapere che la giunta sar\u00e0 presentata solo qualche giorno prima, ma senza dare ulteriori indicazioni. &#8220;Le consultazioni procedono bene, il lavoro \u00e8 pi\u00f9 spedito rispetto alle mie stesse previsioni. La nomina della giunta arriver\u00e0 prima del Consiglio per permettere agli assessori eletti di dare le dimissioni e permettere l&#8217;ingresso dei consiglieri, i primi tra i non eletti&#8221; ha sottolineato Berruti.<\/p>\n<p>A parlare al posto suo \u00e8 stato Ferdinando Molteni gi\u00e0 a suo agio nei nuovi panni di portavoce dell&#8217;amministrazione comunale. &#8220;I tasselli sono quasi tutti definiti &#8211; ha detto -. In questi giorni termineranno le consultazioni con le varie forze della maggioranza, che hanno comunque mostrato un&#8217;unit\u00e0 d&#8217;intenti sulla bozza di giunta prospettata dal sindaco. Sar\u00e0 una squadra equilibrata e rappresentativa di tutti coloro che hanno concorso a questa vittoria. Una squadra di qualit\u00e0 che terr\u00e0 conto sia dell&#8217;esito delle urne quanto delle competenze che spettano agli assessori&#8221;. Insomma, dichiarazioni prudenti di un perfetto portavoce.<\/p>\n","protected":false},"excerpt":{"rendered":"<p>Savona. Si terr\u00e0 il prossimo 14 giugno il primo Consiglio comunale del Berruti-bis. Il primo cittadino, in occasione della presentazione odierna del suo staff, ha fatto solo sapere che la giunta sar\u00e0 presentata solo qualche giorno prima, ma senza dare ulteriori indicazioni. &#8220;Le consultazioni procedono bene, il lavoro \u00e8 pi\u00f9 spedito rispetto alle mie stesse [&hellip;]<\/p>\n","protected":false},"author":4,"featured_media":0,"comment_status":"open","ping_status":"closed","sticky":false,"template":"","format":"standard","meta":{"footnotes":""},"categories":[31],"tags":[1062,85850],"class_list":["post-165113","post","type-post","status-publish","format-standard","hentry","category-politica","tag-federico-berruti","tag-savona","post_cat_citta-andora","post_cat_citta-savona"],"amp_validity":null,"amp_enabled":true,"_links":{"self":[{"href":"https:\/\/staging.ivg.it\/ediapi\/wp\/v2\/posts\/165113","targetHints":{"allow":["GET"]}}],"collection":[{"href":"https:\/\/staging.ivg.it\/ediapi\/wp\/v2\/posts"}],"about":[{"href":"https:\/\/staging.ivg.it\/ediapi\/wp\/v2\/types\/post"}],"author":[{"embeddable":true,"href":"https:\/\/staging.ivg.it\/ediapi\/wp\/v2\/users\/4"}],"replies":[{"embeddable":true,"href":"https:\/\/staging.ivg.it\/ediapi\/wp\/v2\/comments?post=165113"}],"version-history":[{"count":0,"href":"https:\/\/staging.ivg.it\/ediapi\/wp\/v2\/posts\/165113\/revisions"}],"wp:attachment":[{"href":"https:\/\/staging.ivg.it\/ediapi\/wp\/v2\/media?parent=165113"}],"wp:term":[{"taxonomy":"category","embeddable":true,"href":"https:\/\/staging.ivg.it\/ediapi\/wp\/v2\/categories?post=165113"},{"taxonomy":"post_tag","embeddable":true,"href":"https:\/\/staging.ivg.it\/ediapi\/wp\/v2\/tags?post=165113"}],"curies":[{"name":"wp","href":"https:\/\/api.w.org\/{rel}","templated":true}]}}