{"id":164965,"date":"2011-05-30T15:42:19","date_gmt":"2011-05-30T13:42:19","guid":{"rendered":"http:\/\/www.ivg.it\/?p=164965"},"modified":"2011-05-30T15:42:19","modified_gmt":"2011-05-30T13:42:19","slug":"savona-processati-i-4-ladri-di-biciclette-romeni-patteggiano-2-mesi-e-20-giorni","status":"publish","type":"post","link":"https:\/\/staging.ivg.it\/2011\/05\/savona-processati-i-4-ladri-di-biciclette-romeni-patteggiano-2-mesi-e-20-giorni\/","title":{"rendered":"Savona, processati i 4 ladri di biciclette romeni: patteggiano 2 mesi e 20 giorni"},"content":{"rendered":"<p><strong>Savona<\/strong>. Due mesi e venti giorni di reclusione, oltre ad un multa da 80 euro ciascuno. Si \u00e8 chiuso con un patteggiamento della pena (che \u00e8 stata comunque sospesa), questa mattina, in tribunale a Savona, il processo per direttissima a quattro ladri &#8220;di biciclette&#8221; romeni, che erano stati arrestati nel pomeriggio di sabato. <\/p>\n<p>I ragazzi erano finiti in manette dopo che, al Prolungamento di Savona, nei pressi del piazzale Eroe dei Due Mondi, un poliziotto libero dal servizio li aveva notati intenti a &#8220;trafficare&#8221; vicino ad una bicicletta che era stata legata ad una ringhiera con un lucchetto. In pochi istanti i ladri erano riusciti a liberarla dalla catena e rubarla. L&#8217;agente, che peraltro era il proprietario del mezzo a due ruote, per\u00f2 aveva gi\u00e0 allertato i colleghi che cos\u00ec si sono messi sulle loro tracce. Il gruppetto \u00e8 stato quindi fermato nei pressi della stazione dalla Polfer. I ladri avevano appena abbandonato la bici ma non sono riusciti a farla franca. Quattro di loro erano stati arrestati per furto mentre il quinto, minorenne, era stato deferito alla Procura dei Minori di Genova.<\/p>\n","protected":false},"excerpt":{"rendered":"<p>Savona. Due mesi e venti giorni di reclusione, oltre ad un multa da 80 euro ciascuno. Si \u00e8 chiuso con un patteggiamento della pena (che \u00e8 stata comunque sospesa), questa mattina, in tribunale a Savona, il processo per direttissima a quattro ladri &#8220;di biciclette&#8221; romeni, che erano stati arrestati nel pomeriggio di sabato. I ragazzi [&hellip;]<\/p>\n","protected":false},"author":2394,"featured_media":0,"comment_status":"open","ping_status":"closed","sticky":false,"template":"","format":"standard","meta":{"footnotes":""},"categories":[56,34],"tags":[863,1445,19794,14548,85850],"class_list":["post-164965","post","type-post","status-publish","format-standard","hentry","category-altre","category-cronaca","tag-biciclette","tag-ladri","tag-processo-per-direttissima","tag-romeni","tag-savona","post_cat_citta-savona"],"amp_validity":null,"amp_enabled":true,"_links":{"self":[{"href":"https:\/\/staging.ivg.it\/ediapi\/wp\/v2\/posts\/164965","targetHints":{"allow":["GET"]}}],"collection":[{"href":"https:\/\/staging.ivg.it\/ediapi\/wp\/v2\/posts"}],"about":[{"href":"https:\/\/staging.ivg.it\/ediapi\/wp\/v2\/types\/post"}],"author":[{"embeddable":true,"href":"https:\/\/staging.ivg.it\/ediapi\/wp\/v2\/users\/2394"}],"replies":[{"embeddable":true,"href":"https:\/\/staging.ivg.it\/ediapi\/wp\/v2\/comments?post=164965"}],"version-history":[{"count":0,"href":"https:\/\/staging.ivg.it\/ediapi\/wp\/v2\/posts\/164965\/revisions"}],"wp:attachment":[{"href":"https:\/\/staging.ivg.it\/ediapi\/wp\/v2\/media?parent=164965"}],"wp:term":[{"taxonomy":"category","embeddable":true,"href":"https:\/\/staging.ivg.it\/ediapi\/wp\/v2\/categories?post=164965"},{"taxonomy":"post_tag","embeddable":true,"href":"https:\/\/staging.ivg.it\/ediapi\/wp\/v2\/tags?post=164965"}],"curies":[{"name":"wp","href":"https:\/\/api.w.org\/{rel}","templated":true}]}}