{"id":164792,"date":"2011-05-29T13:20:16","date_gmt":"2011-05-29T11:20:16","guid":{"rendered":"http:\/\/www.ivg.it\/?p=164792"},"modified":"2011-05-30T11:19:53","modified_gmt":"2011-05-30T09:19:53","slug":"saremar-traghetti-per-la-sardegna-da-domani-in-vendita-vado-ligure-porto-torres","status":"publish","type":"post","link":"https:\/\/staging.ivg.it\/2011\/05\/saremar-traghetti-per-la-sardegna-da-domani-in-vendita-vado-ligure-porto-torres\/","title":{"rendered":"Traghetti per la Sardegna, da domani in vendita Vado Ligure \u2013 Porto Torres"},"content":{"rendered":"<p><strong>Vado Ligure. <\/strong>Scatter\u00e0 domani mattina la vendita dei biglietti della Saremar, la compagnia di navigazione della Regione Sardegna, che collegher\u00e0 il continente con l&#8217;isola con la tratta Vado Ligure &#8211; Porto Torres.<\/p>\n<p>La conferma arriva dal call center che in questi giorni \u00e8 stato preso d&#8217;assalto dai vacanzieri non solo italiani in cerca di un biglietto ad una cifra che si presume sar\u00e0 inferiore quasi del 50% rispetto alle tradizionali compagnie di navigazione.<\/p>\n<p>Per il porto di Savona &#8211; Vado \u00e8 una nuova &#8220;vittoria&#8221; sulla concorrenza genovese dalla quale partono i principali competitors della Sarema: Tirrenia, Moby e GNV.<\/p>\n<p>Sempre domani mattina dovrebbero essere resi noti anche gli orari, ma secondo quanto gi\u00e0 affermato dal governatore della Sardegna, Ugo Cappellacci, il collegamento sar\u00e0 giornaliero e sino alla met\u00e0 di settembre.<\/p>\n<p>L&#8217;iniziativa della regione isolana che, oltre a marchiare le navi con il proprio logo, ha completamente brandizzato le imbarcazioni e imposto nei bar e ristoranti solo prodotti sardi, potrebbe diventare un modello per altre regioni in un contesto di crisi del turismo con il quale attirare nuovi &#8220;clienti&#8221;.<\/p>\n","protected":false},"excerpt":{"rendered":"<p>Vado Ligure. Scatter\u00e0 domani mattina la vendita dei biglietti della Saremar, la compagnia di navigazione della Regione Sardegna, che collegher\u00e0 il continente con l&#8217;isola con la tratta Vado Ligure &#8211; Porto Torres. La conferma arriva dal call center che in questi giorni \u00e8 stato preso d&#8217;assalto dai vacanzieri non solo italiani in cerca di un [&hellip;]<\/p>\n","protected":false},"author":13744,"featured_media":0,"comment_status":"open","ping_status":"closed","sticky":false,"template":"","format":"standard","meta":{"footnotes":""},"categories":[35],"tags":[3232,33140,214,85979],"class_list":["post-164792","post","type-post","status-publish","format-standard","hentry","category-economia","tag-sardegna","tag-saremar","tag-traghetti","tag-vado-ligure","post_cat_citta-vado-ligure"],"amp_validity":null,"amp_enabled":true,"_links":{"self":[{"href":"https:\/\/staging.ivg.it\/ediapi\/wp\/v2\/posts\/164792","targetHints":{"allow":["GET"]}}],"collection":[{"href":"https:\/\/staging.ivg.it\/ediapi\/wp\/v2\/posts"}],"about":[{"href":"https:\/\/staging.ivg.it\/ediapi\/wp\/v2\/types\/post"}],"author":[{"embeddable":true,"href":"https:\/\/staging.ivg.it\/ediapi\/wp\/v2\/users\/13744"}],"replies":[{"embeddable":true,"href":"https:\/\/staging.ivg.it\/ediapi\/wp\/v2\/comments?post=164792"}],"version-history":[{"count":0,"href":"https:\/\/staging.ivg.it\/ediapi\/wp\/v2\/posts\/164792\/revisions"}],"wp:attachment":[{"href":"https:\/\/staging.ivg.it\/ediapi\/wp\/v2\/media?parent=164792"}],"wp:term":[{"taxonomy":"category","embeddable":true,"href":"https:\/\/staging.ivg.it\/ediapi\/wp\/v2\/categories?post=164792"},{"taxonomy":"post_tag","embeddable":true,"href":"https:\/\/staging.ivg.it\/ediapi\/wp\/v2\/tags?post=164792"}],"curies":[{"name":"wp","href":"https:\/\/api.w.org\/{rel}","templated":true}]}}