{"id":164687,"date":"2011-05-28T14:01:38","date_gmt":"2011-05-28T12:01:38","guid":{"rendered":"http:\/\/www.ivg.it\/?p=164687"},"modified":"2011-05-28T14:01:38","modified_gmt":"2011-05-28T12:01:38","slug":"bergeggi-suggestioni-musicali-nella-grotta-della-galleria-del-treno","status":"publish","type":"post","link":"https:\/\/staging.ivg.it\/2011\/05\/bergeggi-suggestioni-musicali-nella-grotta-della-galleria-del-treno\/","title":{"rendered":"Bergeggi, suggestioni musicali nella Grotta della Galleria del Treno"},"content":{"rendered":"<p><strong>Bergeggi<\/strong>. Quattro sabato pomeriggio dedicati alla musica nella Grotta della Galleria del Treno di Bergeggi. Il 4, l&#8217;11, il 18 e il 25 le consuete visite guidate del sabato pomeriggio all&#8217;interno della Grotta saranno arricchite da suggestivi momenti musicali eseguiti dai musicisti de &#8220;Il Manipolo della Musica&#8221;, sotto la direzione del maestro Dario B. Caruso, ispirati ai quattro elementi naturali.<\/p>\n<p>Il ritrovo sar\u00e0 fissato sulla via Aurelia, all&#8217;incrocio con via Torre d&#8217;Ere, nei pressi del bar edicola. L&#8217;attrezzatura obbligatoria prevede scarpe chiuse con suola di gomma, abbigliamento adeguato ad una temperatura interna pari a circa 15\u00b0. La prenotazione \u00e8 obbligatoria e va effettuata chiamando il Comune di Bergeggi allo 01925790212 o allo 01925790222.<\/p>\n<p>Il costo del biglietto intero \u00e8  di 8 euro. Il ridotto costa 6 euro ed \u00e8 riservato ad anziani oltre i 65 anni, bambini dai 5 ai 10 anni e ai residenti nel Comune di Bergeggi.<\/p>\n<p>Il primo appuntamento con le suggestioni musicali nella Grotta della Galleria del Treno di Bergeggi \u00e8 per sabato 4 giugno e sar\u00e0 dedicato all&#8217;elemento &#8220;Acqua&#8221;. Si esibiranno un violino e due chitarre, &#8220;la fluidit\u00e0 di sedici corde che penetrano con movimento carsico nel sottosuolo&#8221;.<\/p>\n<p>Questi eventi sono organizzati dal Comune di Bergeggi e dall&#8217;associazione Pro Loco Bergeggi con la collaborazione dell\u2019associazione culturale Piazza Santa Cecilia di Savona.<\/p>\n","protected":false},"excerpt":{"rendered":"<p>Bergeggi. Quattro sabato pomeriggio dedicati alla musica nella Grotta della Galleria del Treno di Bergeggi. Il 4, l&#8217;11, il 18 e il 25 le consuete visite guidate del sabato pomeriggio all&#8217;interno della Grotta saranno arricchite da suggestivi momenti musicali eseguiti dai musicisti de &#8220;Il Manipolo della Musica&#8221;, sotto la direzione del maestro Dario B. Caruso, [&hellip;]<\/p>\n","protected":false},"author":13744,"featured_media":0,"comment_status":"open","ping_status":"closed","sticky":false,"template":"","format":"standard","meta":{"footnotes":""},"categories":[],"tags":[1170,85971,86173],"class_list":["post-164687","post","type-post","status-publish","format-standard","hentry","tag-acqua","tag-bergeggi","tag-grotta-della-galleria-del-treno","post_cat_citta-bergeggi"],"amp_validity":null,"amp_enabled":true,"_links":{"self":[{"href":"https:\/\/staging.ivg.it\/ediapi\/wp\/v2\/posts\/164687","targetHints":{"allow":["GET"]}}],"collection":[{"href":"https:\/\/staging.ivg.it\/ediapi\/wp\/v2\/posts"}],"about":[{"href":"https:\/\/staging.ivg.it\/ediapi\/wp\/v2\/types\/post"}],"author":[{"embeddable":true,"href":"https:\/\/staging.ivg.it\/ediapi\/wp\/v2\/users\/13744"}],"replies":[{"embeddable":true,"href":"https:\/\/staging.ivg.it\/ediapi\/wp\/v2\/comments?post=164687"}],"version-history":[{"count":0,"href":"https:\/\/staging.ivg.it\/ediapi\/wp\/v2\/posts\/164687\/revisions"}],"wp:attachment":[{"href":"https:\/\/staging.ivg.it\/ediapi\/wp\/v2\/media?parent=164687"}],"wp:term":[{"taxonomy":"category","embeddable":true,"href":"https:\/\/staging.ivg.it\/ediapi\/wp\/v2\/categories?post=164687"},{"taxonomy":"post_tag","embeddable":true,"href":"https:\/\/staging.ivg.it\/ediapi\/wp\/v2\/tags?post=164687"}],"curies":[{"name":"wp","href":"https:\/\/api.w.org\/{rel}","templated":true}]}}