{"id":164683,"date":"2011-05-29T10:00:11","date_gmt":"2011-05-29T08:00:11","guid":{"rendered":"http:\/\/www.ivg.it\/?p=164683"},"modified":"2011-05-30T11:30:46","modified_gmt":"2011-05-30T09:30:46","slug":"piaggio-aero-fusco-e-cassiano-%e2%80%9ca-giugno-parte-la-costruzione-del-nuovo-stabilimento%e2%80%9d","status":"publish","type":"post","link":"https:\/\/staging.ivg.it\/2011\/05\/piaggio-aero-fusco-e-cassiano-%e2%80%9ca-giugno-parte-la-costruzione-del-nuovo-stabilimento%e2%80%9d\/","title":{"rendered":"Piaggio Aero, Fusco e Cassiano: \u201cA giugno parte la costruzione del nuovo stabilimento\u201d"},"content":{"rendered":"<p><strong>Ponente.<\/strong> L&#8217;assessore regionale all&#8217;urbanistica e vice presidente della Regione Marylin Fusco ha fatto il punto sui principali iter progettuali di riqualificazione urbanistica nel finalese e nel ponente, dichiarando che &#8220;i progetti sono a buon punto&#8221;. Ma l&#8217;assessore si \u00e8 spinta anche oltre affermando che per il mese di giugno dovrebbero finalmente partire i lavori per il trasferimento e l&#8217;insediamento della Piaggio a Villanova d&#8217;Albenga. &#8220;L&#8217;iter urbanistico \u00e8 ormai in fase di chiusura e credo che si potr\u00e0 partire con l&#8217;opera&#8221; ha detto la Fusco.<\/p>\n<p>&#8220;Per le aree Piaggio a Finale, a parte alcune modifiche che dovranno essere apportate, ritengo che il progetto andr\u00e0 a conclusione in breve tempo. Si \u00e8 raggiunto un buon risultato sul fronte delle volumetrie, cos\u00ec come sul complessivo assetto della riqualificazione dell&#8217;area. Resta il problema viario per il collegamento al nodo della rotatoria tra le aree Piaggio e le aree Ghigliazza&#8221;. Quanto all&#8217;idea ormai abbandonata del grattacielo: &#8220;Capisco le esigenze di creare un simbolo per queste aree, tuttavia sarebbe stata una stortura per l&#8217;equilibrio urbanistico dell&#8217;intervento&#8221;.<\/p>\n<p>A conferma che il mese di giugno potrebbe essere quello che dopo anni di parole e progetti arriva la voce del sindaco di Villanova Domenico Cassiano: &#8220;luned\u00ec mattina avremo un vertice in comune con l&#8217;azienda nel quale verranno definite le ultime questioni. Nel prossimo consiglio comunale passer\u00e0 la variante richiesta dalla Piaggio e quindi non ci saranno pi\u00f9 motivi per non avviare la costruzione dello stabilimento&#8221;.<\/p>\n<p>Infine una battuta sull&#8217;andamento del progetto di resyling per i cantieri Rodriquez a Pietra Ligure: &#8220;Il progetto \u00e8 all&#8217;esame del Dipartimento Ambiente nell&#8217;ambito della Valutazione Ambientale Strategica. Anche su questo fronte spero che si possa arrivare in tempi celeri alla conclusione dell&#8217;iter, considerata anche la valenza industriale dell&#8217;operazione per la nuova cantieristica&#8221; ha concluso la Fusco.<\/p>\n","protected":false},"excerpt":{"rendered":"<p>Ponente. L&#8217;assessore regionale all&#8217;urbanistica e vice presidente della Regione Marylin Fusco ha fatto il punto sui principali iter progettuali di riqualificazione urbanistica nel finalese e nel ponente, dichiarando che &#8220;i progetti sono a buon punto&#8221;. Ma l&#8217;assessore si \u00e8 spinta anche oltre affermando che per il mese di giugno dovrebbero finalmente partire i lavori per [&hellip;]<\/p>\n","protected":false},"author":4,"featured_media":0,"comment_status":"open","ping_status":"closed","sticky":false,"template":"","format":"standard","meta":{"footnotes":""},"categories":[35],"tags":[1131,85844,22412,1132,85967],"class_list":["post-164683","post","type-post","status-publish","format-standard","hentry","category-economia","tag-domenico-cassiano","tag-finale-ligure","tag-marylin-fusco","tag-piaggio","tag-villanova-dalbenga","post_cat_citta-finale-ligure","post_cat_citta-villanova-dalbenga"],"amp_validity":null,"amp_enabled":true,"_links":{"self":[{"href":"https:\/\/staging.ivg.it\/ediapi\/wp\/v2\/posts\/164683","targetHints":{"allow":["GET"]}}],"collection":[{"href":"https:\/\/staging.ivg.it\/ediapi\/wp\/v2\/posts"}],"about":[{"href":"https:\/\/staging.ivg.it\/ediapi\/wp\/v2\/types\/post"}],"author":[{"embeddable":true,"href":"https:\/\/staging.ivg.it\/ediapi\/wp\/v2\/users\/4"}],"replies":[{"embeddable":true,"href":"https:\/\/staging.ivg.it\/ediapi\/wp\/v2\/comments?post=164683"}],"version-history":[{"count":0,"href":"https:\/\/staging.ivg.it\/ediapi\/wp\/v2\/posts\/164683\/revisions"}],"wp:attachment":[{"href":"https:\/\/staging.ivg.it\/ediapi\/wp\/v2\/media?parent=164683"}],"wp:term":[{"taxonomy":"category","embeddable":true,"href":"https:\/\/staging.ivg.it\/ediapi\/wp\/v2\/categories?post=164683"},{"taxonomy":"post_tag","embeddable":true,"href":"https:\/\/staging.ivg.it\/ediapi\/wp\/v2\/tags?post=164683"}],"curies":[{"name":"wp","href":"https:\/\/api.w.org\/{rel}","templated":true}]}}