{"id":164499,"date":"2011-05-27T15:32:16","date_gmt":"2011-05-27T13:32:16","guid":{"rendered":"http:\/\/www.ivg.it\/?p=164499"},"modified":"2011-05-27T15:32:16","modified_gmt":"2011-05-27T13:32:16","slug":"albenga-i-giovani-con-max-manfredi-per-un-viaggio-nella-musica","status":"publish","type":"post","link":"https:\/\/staging.ivg.it\/2011\/05\/albenga-i-giovani-con-max-manfredi-per-un-viaggio-nella-musica\/","title":{"rendered":"Albenga, i giovani con Max Manfredi per un viaggio nella musica"},"content":{"rendered":"<p><strong>Albenga<\/strong>. Aprir\u00e0 i battenti domani mattina e fino a domenica &#8220;L&#8217;officina dei suoni&#8221;, l&#8217;attivit\u00e0 sperimentale di formazione attraverso la musica per gli adolescenti, realizzata all&#8217;interno del progetto Yepp di Albenga, nell&#8217;ambito delle politiche giovanili del Comune. In trenta, tra ragazzi e ragazze, tra i 14 e i 17 anni di et\u00e0, provenienti da gruppi e scuole differenti, ospitati nella Casa di Santa Maria Belfiore a Peagna, saranno accompagnati in un viaggio alla scoperta di nuovi significati. Con loro Max Manfredi, il vincitore del premio Tenco, miglior disco dell&#8217;anno 2009 con l&#8217;album &#8220;Luna persa&#8221;, insieme a tanti altri musicisti, musicoterapeuti ed educatori.<\/p>\n<p>&#8220;Vogliamo sensibilizzare i giovani a partecipare alla vita della nostra comunit\u00e0 locale attraverso il volontariato, motivandoli a intraprendere percorsi di cittadinanza attiva &#8211; dichiara Eraldo Ciangherotti, assessore alle Politiche sociali e giovanili -. Max Manfredi, il compagno di viaggio nella musica, sar\u00e0 sicuramente una grande guida, lui che gi\u00e0 Fabrizio De Andr\u00e8 aveva definito &#8216;il pi\u00f9 bravo&#8217;, mentre per Roberto Vecchioni &#8216;\u00e8 un capostipite, che ha bazzicato col romanzo, con la poesia, col dialettale, con la canzone e senza, uno capace, che non posso nemmeno limitare con il termine di cantautore'&#8221;.<\/p>\n<p>&#8220;Da alcuni anni &#8211; spiega Alessandro Giulla, membro dello Yepp di Albenga ed ideatore dell&#8217;iniziativa &#8211; c&#8217;\u00e8 emergenza educativa, perch\u00e9 sembra perduta la sfida nell&#8217;educazione dell&#8217;uomo, in particolare nell&#8217;et\u00e0 dell&#8217;adolescenza. Questo progetto \u00e8 un atto di fiducia verso i ragazzi, per la loro intelligenza, sensibilit\u00e0 e creativit\u00e0. Se la musica, linguaggio comune a tutti i ragazzi, ha grandi potenzialit\u00e0 educative, allora l&#8217;officina dei suoni sar\u00e0 un&#8217;esperienza residenziale per ragazzi tra i 14 e i 17 anni dove vivere un incontro con la musica, gli artisti e gli altri. Sperimenteranno la creazione di un brano musicale a partire da un&#8217;idea condivisa. Metteranno in scena una performance musicale con la possibilit\u00e0 di formare una band e di incidere un proprio brano. Infine l&#8217;incontro con un grande musicista con il quale confrontarsi e dialogare: Max Manfredi&#8221;.<\/p>\n<p><em>Le foto<\/em> sono di Guido Castagnoli.<\/p>\n","protected":false},"excerpt":{"rendered":"<p>Albenga. Aprir\u00e0 i battenti domani mattina e fino a domenica &#8220;L&#8217;officina dei suoni&#8221;, l&#8217;attivit\u00e0 sperimentale di formazione attraverso la musica per gli adolescenti, realizzata all&#8217;interno del progetto Yepp di Albenga, nell&#8217;ambito delle politiche giovanili del Comune. In trenta, tra ragazzi e ragazze, tra i 14 e i 17 anni di et\u00e0, provenienti da gruppi e [&hellip;]<\/p>\n","protected":false},"author":13744,"featured_media":0,"comment_status":"open","ping_status":"closed","sticky":false,"template":"","format":"standard","meta":{"footnotes":""},"categories":[],"tags":[85841,826,1242],"class_list":["post-164499","post","type-post","status-publish","format-standard","hentry","tag-albenga","tag-musica","tag-yepp","post_cat_citta-albenga"],"amp_validity":null,"amp_enabled":true,"_links":{"self":[{"href":"https:\/\/staging.ivg.it\/ediapi\/wp\/v2\/posts\/164499","targetHints":{"allow":["GET"]}}],"collection":[{"href":"https:\/\/staging.ivg.it\/ediapi\/wp\/v2\/posts"}],"about":[{"href":"https:\/\/staging.ivg.it\/ediapi\/wp\/v2\/types\/post"}],"author":[{"embeddable":true,"href":"https:\/\/staging.ivg.it\/ediapi\/wp\/v2\/users\/13744"}],"replies":[{"embeddable":true,"href":"https:\/\/staging.ivg.it\/ediapi\/wp\/v2\/comments?post=164499"}],"version-history":[{"count":0,"href":"https:\/\/staging.ivg.it\/ediapi\/wp\/v2\/posts\/164499\/revisions"}],"wp:attachment":[{"href":"https:\/\/staging.ivg.it\/ediapi\/wp\/v2\/media?parent=164499"}],"wp:term":[{"taxonomy":"category","embeddable":true,"href":"https:\/\/staging.ivg.it\/ediapi\/wp\/v2\/categories?post=164499"},{"taxonomy":"post_tag","embeddable":true,"href":"https:\/\/staging.ivg.it\/ediapi\/wp\/v2\/tags?post=164499"}],"curies":[{"name":"wp","href":"https:\/\/api.w.org\/{rel}","templated":true}]}}