{"id":164238,"date":"2011-05-26T15:54:56","date_gmt":"2011-05-26T13:54:56","guid":{"rendered":"http:\/\/www.ivg.it\/?p=164238"},"modified":"2011-05-27T09:55:24","modified_gmt":"2011-05-27T07:55:24","slug":"polo-per-lenergia-nel-savonese-ruggeri-e-delfino-occasione-di-sviluppo-per-il-campus-foto","status":"publish","type":"post","link":"https:\/\/staging.ivg.it\/2011\/05\/polo-per-lenergia-nel-savonese-ruggeri-e-delfino-occasione-di-sviluppo-per-il-campus-foto\/","title":{"rendered":"Polo per l\u2019energia nel savonese, Ruggeri e Delfino: \u201cOccasione di sviluppo per il Campus\u201d (foto)"},"content":{"rendered":"<p><strong>Savona.<\/strong> &#8220;Il polo dell&#8217;innovazione e della ricerca nelle energie \u00e8 una scelta strategica per tutto il savonese, con la possibilit\u00e0 di investimenti consistenti che saranno messi a disposizione dei soggetti pubblici e privati del bando regionale. Un progetto concreto che avr\u00e0 ricadute economiche e occupazionali per il nostro tessuto produttivo&#8221;. Cos\u00ec il presidente di IPS Savona Carlo Ruggeri ha salutato il via alla costituzione di un \u201cPolo di Ricerca e di Innovazione sull\u2019Energia Sostenibile\u201d.<\/p>\n<p>&#8220;Un ruolo centrale avr\u00e0 il Campus di Savona, grazie allo sviluppo dei laboratori di ingegneria che serviranno per la ricerca. Un bando che potr\u00e0 compensare alcuni tagli per l&#8217;universit\u00e0 savonese e dare una nuova opportunit\u00e0 di crescita alla struttura universitaria savonese&#8221; ha aggiunto Ruggeri. &#8220;Il Campus \u00e8 una sede molto qualificata dove ho trovato molte capacit\u00e0 e competenze&#8221;.<\/p>\n<p>&#8220;L&#8217;universit\u00e0 e la Facolt\u00e0 di Ingegneria svolgeranno con questo bando una ricerca che avr\u00e0 sviluppi applicativi immediati per le imprese &#8211; ha sottolineato Federico Delfino dell&#8217;Universit\u00e0 di Genova -. Il Campus sta affrontando un momento felice, e grazie alla razionalizzazione dell&#8217;offerta formativa che porter\u00e0 ancora benefici. Sono convinto che Savona potr\u00e0 avere ancora pi\u00f9 potenzialit\u00e0 con la nuova sede degli Erzelli a Genova: la distanza tra Campus di Legino ed Erzelli \u00e8 in realt\u00e0 assai breve e in una prospettiva di area metropolitana dovranno essere considerate quasi come una solo struttura&#8221;.<\/p>\n","protected":false},"excerpt":{"rendered":"<p>Savona. &#8220;Il polo dell&#8217;innovazione e della ricerca nelle energie \u00e8 una scelta strategica per tutto il savonese, con la possibilit\u00e0 di investimenti consistenti che saranno messi a disposizione dei soggetti pubblici e privati del bando regionale. Un progetto concreto che avr\u00e0 ricadute economiche e occupazionali per il nostro tessuto produttivo&#8221;. Cos\u00ec il presidente di IPS [&hellip;]<\/p>\n","protected":false},"author":4,"featured_media":0,"comment_status":"open","ping_status":"closed","sticky":false,"template":"","format":"standard","meta":{"footnotes":""},"categories":[35],"tags":[25363,964,6047],"class_list":["post-164238","post","type-post","status-publish","format-standard","hentry","category-economia","tag-campus-di-savona","tag-carlo-ruggeri","tag-federico-delfino","post_cat_citta-andora","post_cat_citta-cairo-montenotte","post_cat_citta-savona"],"amp_validity":null,"amp_enabled":true,"_links":{"self":[{"href":"https:\/\/staging.ivg.it\/ediapi\/wp\/v2\/posts\/164238","targetHints":{"allow":["GET"]}}],"collection":[{"href":"https:\/\/staging.ivg.it\/ediapi\/wp\/v2\/posts"}],"about":[{"href":"https:\/\/staging.ivg.it\/ediapi\/wp\/v2\/types\/post"}],"author":[{"embeddable":true,"href":"https:\/\/staging.ivg.it\/ediapi\/wp\/v2\/users\/4"}],"replies":[{"embeddable":true,"href":"https:\/\/staging.ivg.it\/ediapi\/wp\/v2\/comments?post=164238"}],"version-history":[{"count":0,"href":"https:\/\/staging.ivg.it\/ediapi\/wp\/v2\/posts\/164238\/revisions"}],"wp:attachment":[{"href":"https:\/\/staging.ivg.it\/ediapi\/wp\/v2\/media?parent=164238"}],"wp:term":[{"taxonomy":"category","embeddable":true,"href":"https:\/\/staging.ivg.it\/ediapi\/wp\/v2\/categories?post=164238"},{"taxonomy":"post_tag","embeddable":true,"href":"https:\/\/staging.ivg.it\/ediapi\/wp\/v2\/tags?post=164238"}],"curies":[{"name":"wp","href":"https:\/\/api.w.org\/{rel}","templated":true}]}}