{"id":163891,"date":"2011-05-25T14:14:58","date_gmt":"2011-05-25T12:14:58","guid":{"rendered":"http:\/\/www.ivg.it\/?p=163891"},"modified":"2011-05-25T14:14:58","modified_gmt":"2011-05-25T12:14:58","slug":"mille-volte-moda-estate-albenga-attende-la-sfilata","status":"publish","type":"post","link":"https:\/\/staging.ivg.it\/2011\/05\/mille-volte-moda-estate-albenga-attende-la-sfilata\/","title":{"rendered":"&#8220;Mille Volte Moda Estate&#8221;: Albenga attende la sfilata"},"content":{"rendered":"<p><strong>Albenga<\/strong>. Via dei Mille si trasforma nuovamente nella Strada del Fashion. Dopo lo straordinario successo riscosso nel 2010, Sabato 28 Maggio alle ore 21.00 ritorna a grande richiesta \u201cMille Volte Moda Estate\u201d, sfilata di moda organizzata dall\u2019Associazione dei Commercianti di Via dei Mille, con la collaborazione e il patrocinio del Comune di Albenga.<\/p>\n<p>L&#8217;iniziativa servir\u00e0 a presentare i capi primavera-estate dei negozi della via, vedr\u00e0 sfilare le collezioni uomo, donna e bambino, e potr\u00e0 vantare su di un presentatore di eccezione, il neo-Assessore al Turismo del Comune di Alassio Rinaldo Agostini. Per l\u2019occasione, la strada, che sar\u00e0 trasformata in una lunga passerella, verr\u00e0 chiusa al traffico veicolare.<\/p>\n","protected":false},"excerpt":{"rendered":"<p>Albenga. Via dei Mille si trasforma nuovamente nella Strada del Fashion. Dopo lo straordinario successo riscosso nel 2010, Sabato 28 Maggio alle ore 21.00 ritorna a grande richiesta \u201cMille Volte Moda Estate\u201d, sfilata di moda organizzata dall\u2019Associazione dei Commercianti di Via dei Mille, con la collaborazione e il patrocinio del Comune di Albenga. L&#8217;iniziativa servir\u00e0 [&hellip;]<\/p>\n","protected":false},"author":13744,"featured_media":0,"comment_status":"open","ping_status":"closed","sticky":false,"template":"","format":"standard","meta":{"footnotes":""},"categories":[],"tags":[85841,2146,3798],"class_list":["post-163891","post","type-post","status-publish","format-standard","hentry","tag-albenga","tag-moda","tag-sfilata","post_cat_citta-albenga"],"amp_validity":null,"amp_enabled":true,"_links":{"self":[{"href":"https:\/\/staging.ivg.it\/ediapi\/wp\/v2\/posts\/163891","targetHints":{"allow":["GET"]}}],"collection":[{"href":"https:\/\/staging.ivg.it\/ediapi\/wp\/v2\/posts"}],"about":[{"href":"https:\/\/staging.ivg.it\/ediapi\/wp\/v2\/types\/post"}],"author":[{"embeddable":true,"href":"https:\/\/staging.ivg.it\/ediapi\/wp\/v2\/users\/13744"}],"replies":[{"embeddable":true,"href":"https:\/\/staging.ivg.it\/ediapi\/wp\/v2\/comments?post=163891"}],"version-history":[{"count":0,"href":"https:\/\/staging.ivg.it\/ediapi\/wp\/v2\/posts\/163891\/revisions"}],"wp:attachment":[{"href":"https:\/\/staging.ivg.it\/ediapi\/wp\/v2\/media?parent=163891"}],"wp:term":[{"taxonomy":"category","embeddable":true,"href":"https:\/\/staging.ivg.it\/ediapi\/wp\/v2\/categories?post=163891"},{"taxonomy":"post_tag","embeddable":true,"href":"https:\/\/staging.ivg.it\/ediapi\/wp\/v2\/tags?post=163891"}],"curies":[{"name":"wp","href":"https:\/\/api.w.org\/{rel}","templated":true}]}}