{"id":163883,"date":"2011-05-25T14:10:29","date_gmt":"2011-05-25T12:10:29","guid":{"rendered":"http:\/\/www.ivg.it\/?p=163883"},"modified":"2011-05-25T17:02:08","modified_gmt":"2011-05-25T15:02:08","slug":"spiagge-anci-liguria-diventi-capofila-contro-diritto-di-superficie","status":"publish","type":"post","link":"https:\/\/staging.ivg.it\/2011\/05\/spiagge-anci-liguria-diventi-capofila-contro-diritto-di-superficie\/","title":{"rendered":"Spiagge, Anci: \u201cLa Liguria diventi capofila contro diritto di superficie\u201d"},"content":{"rendered":"<p><strong>Genova.<\/strong> &#8220;Noi siamo contro il diritto di superficie&#8221;. Marta Vincenzi ribadisce la posizione di Anci Liguria: l&#8217;art 3 del decreto 70, meglio conosciuto come la normativa sulle disposizioni per i diritti di superficie ad imprese turistico-balneari, deve essere modificato in alcuni punti fondamentali.<\/p>\n<p>&#8220;Come Anci Liguria abbiamo inviato ad Anci nazionale un documento condiviso in cui chiediamo le modifiche al decreto nel suo passaggio a legge- spiega Vincenzi &#8211; perch\u00e8 anche se con il passare dei giorni, tra la prima proposta che indicava 90 anni di tempo per le concessioni balneari, una vera e propria privatizzazione alla successiva riduzione a 20 anni, la sostanza non cambia&#8221;.<\/p>\n<p>Secondo Anci Liguria infatti &#8220;non \u00e8 un problema di anni, venti o trenta non importa, \u00e8 necessario per\u00f2 che siano davvero concessioni, altrimenti si toglie ai Comuni la possibilit\u00e0 di incidere sulla qualit\u00e0 ambientale e si rischia di mettere l&#8217;interesse pubblico al di sotto di quello privato&#8221;.<\/p>\n<p>Il decreto 70 e l&#8217;articolo 3 in particolare dapprima \u00e8 stato al centro di immediate polemiche da parte degli ambientalisti, ma dopo, con le modifiche chieste dallo stesso presidente della Reppublica, ha scontentato gli stessi imprenditori balneari che dopo l&#8217;esultanza della prima proposta, si sono visti abbassare l&#8217;asta temporale delle concessioni da 90 a 20 anni.<\/p>\n<p>&#8220;Naturalmente &#8211; spiega ancora Vincenzi &#8211; va incentivato tutto ci\u00f2 che consenta ai balneari la qualit\u00e0 dell&#8217;offerta con un&#8217;adeguata garanzia per gli investimenti futuri, allo stesso tempo, per\u00f2, va ugulamente garantita la salvaguardia della qualit\u00e0 e della sostenibilit\u00e0 ambientale, riconsegnando la centralit\u00e0 alla pianificazione ai Comuni&#8221;. Le risorse finiscono al 90% nelle casse del demanio e al 10% in quelle della Regione, ai Comuni non arriva &#8220;neppure mezzo euro. Questo va cambiato &#8211; sottolinea la presidente di Anci Liguria &#8211; le risorse devono essere date ai Comuni per rendere fruibili le spiagge e garantire l&#8217;accesso al pubblico di un bene comune qual&#8217;\u00e8 il mare&#8221;.<\/p>\n<p>Domani il documento ligure sar\u00e0 accolto da Anci nazionale. &#8220;Ci auguriamo &#8211; conclude Vincenzi &#8211; che dalla Liguria si metta in moto una posizione unitaria dei Comuni italiani, degna di essere portata al tavolo delle Regioni e del Governo&#8221;.<\/p>\n","protected":false},"excerpt":{"rendered":"<p>Genova. &#8220;Noi siamo contro il diritto di superficie&#8221;. Marta Vincenzi ribadisce la posizione di Anci Liguria: l&#8217;art 3 del decreto 70, meglio conosciuto come la normativa sulle disposizioni per i diritti di superficie ad imprese turistico-balneari, deve essere modificato in alcuni punti fondamentali. &#8220;Come Anci Liguria abbiamo inviato ad Anci nazionale un documento condiviso in [&hellip;]<\/p>\n","protected":false},"author":13744,"featured_media":0,"comment_status":"open","ping_status":"closed","sticky":false,"template":"","format":"standard","meta":{"footnotes":""},"categories":[35],"tags":[1567,11366,17437,1279,9791],"class_list":["post-163883","post","type-post","status-publish","format-standard","hentry","category-economia","tag-anci","tag-anci-liguria","tag-concessioni","tag-demanio","tag-spiagge","post_cat_citta-alassio","post_cat_citta-albenga","post_cat_citta-albisola-superiore","post_cat_citta-albissola-marina","post_cat_citta-bergeggi","post_cat_citta-borghetto-santo-spirito","post_cat_citta-borgio-verezzi","post_cat_citta-celle-ligure","post_cat_citta-ceriale","post_cat_citta-laigueglia","post_cat_citta-loano","post_cat_citta-noli","post_cat_citta-pietra-ligure","post_cat_citta-savona","post_cat_citta-spotorno","post_cat_citta-vado-ligure","post_cat_citta-varazze","post_cat_citta-varigotti"],"amp_validity":null,"amp_enabled":true,"_links":{"self":[{"href":"https:\/\/staging.ivg.it\/ediapi\/wp\/v2\/posts\/163883","targetHints":{"allow":["GET"]}}],"collection":[{"href":"https:\/\/staging.ivg.it\/ediapi\/wp\/v2\/posts"}],"about":[{"href":"https:\/\/staging.ivg.it\/ediapi\/wp\/v2\/types\/post"}],"author":[{"embeddable":true,"href":"https:\/\/staging.ivg.it\/ediapi\/wp\/v2\/users\/13744"}],"replies":[{"embeddable":true,"href":"https:\/\/staging.ivg.it\/ediapi\/wp\/v2\/comments?post=163883"}],"version-history":[{"count":0,"href":"https:\/\/staging.ivg.it\/ediapi\/wp\/v2\/posts\/163883\/revisions"}],"wp:attachment":[{"href":"https:\/\/staging.ivg.it\/ediapi\/wp\/v2\/media?parent=163883"}],"wp:term":[{"taxonomy":"category","embeddable":true,"href":"https:\/\/staging.ivg.it\/ediapi\/wp\/v2\/categories?post=163883"},{"taxonomy":"post_tag","embeddable":true,"href":"https:\/\/staging.ivg.it\/ediapi\/wp\/v2\/tags?post=163883"}],"curies":[{"name":"wp","href":"https:\/\/api.w.org\/{rel}","templated":true}]}}