{"id":163870,"date":"2011-05-25T13:35:07","date_gmt":"2011-05-25T11:35:07","guid":{"rendered":"http:\/\/www.ivg.it\/?p=163870"},"modified":"2011-05-25T19:10:06","modified_gmt":"2011-05-25T17:10:06","slug":"ferrania-crisi-delle-produzioni-per-ufficio-preoccupazioni-sulla-cassa-integrazione","status":"publish","type":"post","link":"https:\/\/staging.ivg.it\/2011\/05\/ferrania-crisi-delle-produzioni-per-ufficio-preoccupazioni-sulla-cassa-integrazione\/","title":{"rendered":"Ferrania, crisi delle produzioni per ufficio: preoccupazioni sulla cassa integrazione"},"content":{"rendered":"<p><strong>Cairo Montenotte<\/strong>. La preoccupazione \u00e8 al picco massimo sulle sorti occupazionali di Ferrania. Il passo del governo per riattivare l&#8217;incentivazione delle rinnovabili, che torna a far respirare la divisione Solis, appunto dedicata ai pannelli fotovoltaici, non baster\u00e0 a risollevare il quadro generale del sito industriale cairese. In Ferrania Technologies le &#8220;office solutions&#8221; patiscono una fase di mercato profondamente penalizzante. <\/p>\n<p>&#8220;Grafica e inkjet sono in un momento nero: se la presenza di Samsung dava una qualche prospettiva, ormai il futuro \u00e8 cedere a qualche investitore il filone produttivo. Non si sa niente di nuovo neppure sulla chimica farmaceutica &#8211; sottolinea Fulvio Berruti, segretario provinciale della Filcem-Cgil &#8211; E&#8217; da mesi che nello stabilimento non si vedono i Messina, mentre il sindacato non riceve alcuna notizia, da nessun fronte. Prosegue il silenzio assordante di propriet\u00e0 e istituzioni&#8221;. <\/p>\n<p>Per Ferrania Solis \u00e8 previsto un incontro mercoled\u00ec 1 giugno, in modo da fare il punto sui nuovi provvedimenti incentivanti la produzione del fotovoltaico. Gli attuali 54 lavoratori di Solis salirebbero a 100 unit\u00e0, secondo gli impegni assunti. Ma con scarso effetto sulla situazione generale. Le organizzazioni sindacali sono preoccupate per i ritardi sull&#8217;aggiornamento dell&#8217;accordo di programma che il Ministero per lo Sviluppo Economico si era impegnato ad attuare entro un mese dalla firma dell&#8217;accordo il 17 novembre scorso. <\/p>\n<p>Oltre ai 225 gi\u00e0 in cassa integrazione straordinaria, sono a rischio a rischio cassa integrazione ordinaria 50 lavoratori: le criticit\u00e0 produttive-occupazionali impedirebbero a Ferrania di agganciare quel 30% di riassunzioni che per legge permetterebbe la proroga della cassa al secondo anno. E la cassa del primo anno termina fra sei mesi. Gi\u00e0 al 30 giugno, invece, \u00e8 la scadenza dei cantieri scuola-lavoro: in questo caso l&#8217;assessore regionale Vesco ha gi\u00e0 evidenziato la difficolt\u00e0 a reperire i fondi per mantenerli. <\/p>\n","protected":false},"excerpt":{"rendered":"<p>Cairo Montenotte. La preoccupazione \u00e8 al picco massimo sulle sorti occupazionali di Ferrania. Il passo del governo per riattivare l&#8217;incentivazione delle rinnovabili, che torna a far respirare la divisione Solis, appunto dedicata ai pannelli fotovoltaici, non baster\u00e0 a risollevare il quadro generale del sito industriale cairese. In Ferrania Technologies le &#8220;office solutions&#8221; patiscono una fase [&hellip;]<\/p>\n","protected":false},"author":13744,"featured_media":0,"comment_status":"open","ping_status":"closed","sticky":false,"template":"","format":"standard","meta":{"footnotes":""},"categories":[35],"tags":[151,507,85992,892,1817,1013],"class_list":["post-163870","post","type-post","status-publish","format-standard","hentry","category-economia","tag-cairo","tag-cgil","tag-ferrania","tag-fotovoltaico","tag-industria","tag-occupazione","post_cat_citta-cairo-montenotte"],"amp_validity":null,"amp_enabled":true,"_links":{"self":[{"href":"https:\/\/staging.ivg.it\/ediapi\/wp\/v2\/posts\/163870","targetHints":{"allow":["GET"]}}],"collection":[{"href":"https:\/\/staging.ivg.it\/ediapi\/wp\/v2\/posts"}],"about":[{"href":"https:\/\/staging.ivg.it\/ediapi\/wp\/v2\/types\/post"}],"author":[{"embeddable":true,"href":"https:\/\/staging.ivg.it\/ediapi\/wp\/v2\/users\/13744"}],"replies":[{"embeddable":true,"href":"https:\/\/staging.ivg.it\/ediapi\/wp\/v2\/comments?post=163870"}],"version-history":[{"count":0,"href":"https:\/\/staging.ivg.it\/ediapi\/wp\/v2\/posts\/163870\/revisions"}],"wp:attachment":[{"href":"https:\/\/staging.ivg.it\/ediapi\/wp\/v2\/media?parent=163870"}],"wp:term":[{"taxonomy":"category","embeddable":true,"href":"https:\/\/staging.ivg.it\/ediapi\/wp\/v2\/categories?post=163870"},{"taxonomy":"post_tag","embeddable":true,"href":"https:\/\/staging.ivg.it\/ediapi\/wp\/v2\/tags?post=163870"}],"curies":[{"name":"wp","href":"https:\/\/api.w.org\/{rel}","templated":true}]}}