{"id":163867,"date":"2011-05-25T13:23:26","date_gmt":"2011-05-25T11:23:26","guid":{"rendered":"http:\/\/www.ivg.it\/?p=163867"},"modified":"2011-05-25T19:02:21","modified_gmt":"2011-05-25T17:02:21","slug":"savona-pdl-guadagna-6-consiglieri-vacca-correzione-tempestiva-ora-aspettiamo-la-giunta","status":"publish","type":"post","link":"https:\/\/staging.ivg.it\/2011\/05\/savona-pdl-guadagna-6-consiglieri-vacca-correzione-tempestiva-ora-aspettiamo-la-giunta\/","title":{"rendered":"Savona, Pdl \u201cguadagna\u201d 6 consiglieri. Vacca: \u201cCorrezione tempestiva, ora aspettiamo la giunta\u201d"},"content":{"rendered":"<p><strong>Savona.<\/strong> Con la correzione della distribuzione dei seggi all&#8217;interno del Consiglio comunale savonese, il Pdl si aggiudica l&#8217;entrata del sesto consigliere nel parlamentino cittadino.<\/p>\n<p>&#8220;Avevamo segnalato giorni fa un possibile errore e siamo contenti che sia stata fatta una correzione tempestiva &#8211; dice il coordinatore provinciale Pdl, Santiago Vacca &#8211; E&#8217; la conferma che le persone preposte a questo scopo siano capaci e attente, ma ne eravano certi. Ora il Pdl ha i suoi sei consiglieri, pronti a fare opposizione&#8221;.<\/p>\n<p>&#8220;Al contrario, la lentezza nella composizione della giunta del Berruti-bis, ci conferma quello che sapevamo gi\u00e0, ossia che il sindaco ha dato vita ad una macchina elettorale in grado di farlo vincere ma non ad una macchina amministrativa in grado di governare in armonia &#8211; prosegue Vacca &#8211; Quasi tutti i Comuni interessati da questa tornata elettorale hanno pronti nomi e deleghe mentre Savona \u00e8 in alto mare, non sa dove piazzare Sel, Udc e tutta l&#8217;accozzaglia di movimenti che non sono in grado di dialogare fra loro e che rivendicano poltrone. Noi certamente ci aspettavamo di pi\u00f9 da questa tornatra elettorale: spiace che i savonesi non abbiano capito la nostra volont\u00e0 di rinnovamento e l&#8217;incapacit\u00e0 di Berruti di interpretare le necessit\u00e0 della citt\u00e0&#8221;.<\/p>\n","protected":false},"excerpt":{"rendered":"<p>Savona. Con la correzione della distribuzione dei seggi all&#8217;interno del Consiglio comunale savonese, il Pdl si aggiudica l&#8217;entrata del sesto consigliere nel parlamentino cittadino. &#8220;Avevamo segnalato giorni fa un possibile errore e siamo contenti che sia stata fatta una correzione tempestiva &#8211; dice il coordinatore provinciale Pdl, Santiago Vacca &#8211; E&#8217; la conferma che le [&hellip;]<\/p>\n","protected":false},"author":2620,"featured_media":0,"comment_status":"open","ping_status":"closed","sticky":false,"template":"","format":"standard","meta":{"footnotes":""},"categories":[31],"tags":[195,186,2062,216,5763,85850],"class_list":["post-163867","post","type-post","status-publish","format-standard","hentry","category-politica","tag-berruti","tag-consiglio-comunale","tag-giunta","tag-pdl","tag-santiago-vacca","tag-savona","post_cat_citta-savona"],"amp_validity":null,"amp_enabled":true,"_links":{"self":[{"href":"https:\/\/staging.ivg.it\/ediapi\/wp\/v2\/posts\/163867","targetHints":{"allow":["GET"]}}],"collection":[{"href":"https:\/\/staging.ivg.it\/ediapi\/wp\/v2\/posts"}],"about":[{"href":"https:\/\/staging.ivg.it\/ediapi\/wp\/v2\/types\/post"}],"author":[{"embeddable":true,"href":"https:\/\/staging.ivg.it\/ediapi\/wp\/v2\/users\/2620"}],"replies":[{"embeddable":true,"href":"https:\/\/staging.ivg.it\/ediapi\/wp\/v2\/comments?post=163867"}],"version-history":[{"count":0,"href":"https:\/\/staging.ivg.it\/ediapi\/wp\/v2\/posts\/163867\/revisions"}],"wp:attachment":[{"href":"https:\/\/staging.ivg.it\/ediapi\/wp\/v2\/media?parent=163867"}],"wp:term":[{"taxonomy":"category","embeddable":true,"href":"https:\/\/staging.ivg.it\/ediapi\/wp\/v2\/categories?post=163867"},{"taxonomy":"post_tag","embeddable":true,"href":"https:\/\/staging.ivg.it\/ediapi\/wp\/v2\/tags?post=163867"}],"curies":[{"name":"wp","href":"https:\/\/api.w.org\/{rel}","templated":true}]}}