{"id":162925,"date":"2011-05-21T15:20:17","date_gmt":"2011-05-21T13:20:17","guid":{"rendered":"http:\/\/www.ivg.it\/?p=162925"},"modified":"2011-05-21T15:10:53","modified_gmt":"2011-05-21T13:10:53","slug":"la-corrente-in-movimento-fa-tappa-a-savona","status":"publish","type":"post","link":"https:\/\/staging.ivg.it\/2011\/05\/la-corrente-in-movimento-fa-tappa-a-savona\/","title":{"rendered":"La &#8220;Corrente in movimento&#8221; fa tappa a Savona"},"content":{"rendered":"<p>A <strong>Savona<\/strong>, in Piazza del Brandale, domenica 22 maggio dalle 14.30 far\u00e0 tappa &#8220;Corrente in movimento &#8211; Il viaggio silenzioso che far\u00e0 rumore&#8221;, un percorso di 4.500 km in tutta Italia che ha preso il via lo scorso 8 maggio e terminer\u00e0 il 21 giugno con 60 incontri e 60 tappe interamente elettriche e senza emissioni di CO2 per promuovere la mobilit\u00e0 sostenibile e l\u2019energia da fonti rinnovabili.<\/p>\n<p>Ben 60 eccellenze da Nord a Sud. L\u2019auto elettrica tesser\u00e0 la rete tra i Comuni e i Centri di Ricerca che hanno scommesso sull\u2019efficienza, sull\u2019energia rinnovabile e su un\u2019Italia migliore. 60 argomenti, ogni giorno diversi: fotovoltaico, eolico, biomasse, idroelettrico&#8230; discussi con noti scienziati, comunicatori, tecnici ed umanisti. 60 conversazioni. In ogni tappa un incontro tra cittadini, aziende ed amministratori: convegni, concerti, cibo, laboratori didattici e sportelli informativi.<\/p>\n","protected":false},"excerpt":{"rendered":"<p>A Savona, in Piazza del Brandale, domenica 22 maggio dalle 14.30 far\u00e0 tappa &#8220;Corrente in movimento &#8211; Il viaggio silenzioso che far\u00e0 rumore&#8221;, un percorso di 4.500 km in tutta Italia che ha preso il via lo scorso 8 maggio e terminer\u00e0 il 21 giugno con 60 incontri e 60 tappe interamente elettriche e senza [&hellip;]<\/p>\n","protected":false},"author":13744,"featured_media":0,"comment_status":"open","ping_status":"closed","sticky":false,"template":"","format":"standard","meta":{"footnotes":""},"categories":[],"tags":[892,85850],"class_list":["post-162925","post","type-post","status-publish","format-standard","hentry","tag-fotovoltaico","tag-savona","post_cat_citta-savona"],"amp_validity":null,"amp_enabled":true,"_links":{"self":[{"href":"https:\/\/staging.ivg.it\/ediapi\/wp\/v2\/posts\/162925","targetHints":{"allow":["GET"]}}],"collection":[{"href":"https:\/\/staging.ivg.it\/ediapi\/wp\/v2\/posts"}],"about":[{"href":"https:\/\/staging.ivg.it\/ediapi\/wp\/v2\/types\/post"}],"author":[{"embeddable":true,"href":"https:\/\/staging.ivg.it\/ediapi\/wp\/v2\/users\/13744"}],"replies":[{"embeddable":true,"href":"https:\/\/staging.ivg.it\/ediapi\/wp\/v2\/comments?post=162925"}],"version-history":[{"count":0,"href":"https:\/\/staging.ivg.it\/ediapi\/wp\/v2\/posts\/162925\/revisions"}],"wp:attachment":[{"href":"https:\/\/staging.ivg.it\/ediapi\/wp\/v2\/media?parent=162925"}],"wp:term":[{"taxonomy":"category","embeddable":true,"href":"https:\/\/staging.ivg.it\/ediapi\/wp\/v2\/categories?post=162925"},{"taxonomy":"post_tag","embeddable":true,"href":"https:\/\/staging.ivg.it\/ediapi\/wp\/v2\/tags?post=162925"}],"curies":[{"name":"wp","href":"https:\/\/api.w.org\/{rel}","templated":true}]}}