{"id":162852,"date":"2011-05-20T08:56:23","date_gmt":"2011-05-20T06:56:23","guid":{"rendered":"http:\/\/www.ivg.it\/?p=162852"},"modified":"2011-05-20T08:56:23","modified_gmt":"2011-05-20T06:56:23","slug":"lotta-alle-mafie-in-liguria-casa-della-legalita-si-ad-una-legge-regionale-ma-che-sia-efficace","status":"publish","type":"post","link":"https:\/\/staging.ivg.it\/2011\/05\/lotta-alle-mafie-in-liguria-casa-della-legalita-si-ad-una-legge-regionale-ma-che-sia-efficace\/","title":{"rendered":"Lotta alle mafie in Liguria, Casa della Legalit\u00e0: &#8220;S\u00ec ad una legge regionale, ma che sia efficace&#8221;"},"content":{"rendered":"<p><strong>Liguria.<\/strong> Il Pd ligure ha presentato una proposta di legge regionale indicando che il problema della criminalit\u00e0 organizzata in Liguria \u00e8 diffuso.<\/p>\n<p>&#8220;Se questo \u00e8 senza dubbio un segnale positivo perch\u00e9 segna un passo avanti sull&#8217;ammissione del problema nelle province liguri, una delle premesse \u00e8 errata: si dice che in Liguria non ci sia omert\u00e0. La realt\u00e0 dice invece che la Liguria sia una delle terre, con la Lombardia, pi\u00f9 omertose del Paese&#8221;: a sostenerlo \u00e8 la Casa della Legalit\u00e0.<\/p>\n<p>&#8220;Guardando al merito della proposta di legge regionale presentata da Basso si comprende ancora una volta che si promuove un provvedimento inutile ed inefficace &#8211; si legge in una nota dell&#8217;associazione &#8211; La proposta di legge del Pd ligure risulta infatti un&#8217;arma spuntata, incapace di incidere sia sulla prevenzione sia sul contrasto. Per questa ragione come &#8216;Casa della Legalit\u00e0 &#8211; onlus&#8217;, il 4 maggio scorso, abbiamo inviato all&#8217;Assemblea Legislativa della Regione Liguria una documento di osservazioni e proposte (pubblicato anche sul nostro sito) che auspichiamo vengano accolte al fine di adottare un provvedimento capace di efficacia concreta e non quindi di pura iniziativa mediatica&#8221;.<\/p>\n<p>&#8220;Abbiamo dichiarato la nostra piena disponibilit\u00e0, anche ad un&#8217;audizione, al fine di portare un contributo utile perch\u00e9, occorre dirlo, in Liguria si \u00e8 davanti ad una consumata &#8216;colonizzazione&#8217; mafiosa che non permette di perdere pi\u00f9 ulteriore tempo in iniziative incapaci di affrontare con risolutezza questa drammatica realt\u00e0 in cui le attivit\u00e0 e gli affari delle organizzazioni mafiose soffocano l&#8217;economia, devastano il territorio, condizionano la vita di intere comunit\u00e0, oltre che essersi dimostrate capaci di infiltrare e condizionare le Pubbliche Amministrazioni (trasversalmente) ed anche i settori di controllo&#8221;.<\/p>\n","protected":false},"excerpt":{"rendered":"<p>Liguria. Il Pd ligure ha presentato una proposta di legge regionale indicando che il problema della criminalit\u00e0 organizzata in Liguria \u00e8 diffuso. &#8220;Se questo \u00e8 senza dubbio un segnale positivo perch\u00e9 segna un passo avanti sull&#8217;ammissione del problema nelle province liguri, una delle premesse \u00e8 errata: si dice che in Liguria non ci sia omert\u00e0. [&hellip;]<\/p>\n","protected":false},"author":13744,"featured_media":0,"comment_status":"open","ping_status":"closed","sticky":false,"template":"","format":"standard","meta":{"footnotes":""},"categories":[34],"tags":[11084,488,197],"class_list":["post-162852","post","type-post","status-publish","format-standard","hentry","category-cronaca","tag-casa-della-legalita","tag-mafia","tag-pd"],"amp_validity":null,"amp_enabled":true,"_links":{"self":[{"href":"https:\/\/staging.ivg.it\/ediapi\/wp\/v2\/posts\/162852","targetHints":{"allow":["GET"]}}],"collection":[{"href":"https:\/\/staging.ivg.it\/ediapi\/wp\/v2\/posts"}],"about":[{"href":"https:\/\/staging.ivg.it\/ediapi\/wp\/v2\/types\/post"}],"author":[{"embeddable":true,"href":"https:\/\/staging.ivg.it\/ediapi\/wp\/v2\/users\/13744"}],"replies":[{"embeddable":true,"href":"https:\/\/staging.ivg.it\/ediapi\/wp\/v2\/comments?post=162852"}],"version-history":[{"count":0,"href":"https:\/\/staging.ivg.it\/ediapi\/wp\/v2\/posts\/162852\/revisions"}],"wp:attachment":[{"href":"https:\/\/staging.ivg.it\/ediapi\/wp\/v2\/media?parent=162852"}],"wp:term":[{"taxonomy":"category","embeddable":true,"href":"https:\/\/staging.ivg.it\/ediapi\/wp\/v2\/categories?post=162852"},{"taxonomy":"post_tag","embeddable":true,"href":"https:\/\/staging.ivg.it\/ediapi\/wp\/v2\/tags?post=162852"}],"curies":[{"name":"wp","href":"https:\/\/api.w.org\/{rel}","templated":true}]}}