{"id":162721,"date":"2011-05-19T15:44:15","date_gmt":"2011-05-19T13:44:15","guid":{"rendered":"http:\/\/www.ivg.it\/?p=162721"},"modified":"2011-05-19T16:10:28","modified_gmt":"2011-05-19T14:10:28","slug":"cairo-montenotte-una-serata-dedicata-allarticolo-9-della-costituzione","status":"publish","type":"post","link":"https:\/\/staging.ivg.it\/2011\/05\/cairo-montenotte-una-serata-dedicata-allarticolo-9-della-costituzione\/","title":{"rendered":"Cairo Montenotte, una serata dedicata all\u2019articolo 9 della Costituzione"},"content":{"rendered":"<p><strong>Cairo Montenotte<\/strong>. Marted\u00ec 24 maggio alle ore 21, presso il Teatro del Palazzo di Citt\u00e0, l&#8217;Istituto Comprensivo di Cairo Montenotte presenter\u00e0 uno spettacolo dedicato all&#8217;articolo 9 della Costituzione. I valori dello sviluppo della cultura, la tutela del paesaggio e del patrimonio storico e artistico saranno i fili conduttori della manifestazione realizzata con la collaborazione dell&#8217;Anpi e con il patrocinio dell&#8217;assessorato alla Cultura e Pubblica Istruzione del Comune di Cairo Montenotte.<\/p>\n<p>L&#8217;organizzazione dello spettacolo rappresenta la fase conclusiva di un percorso avviato all&#8217;inizio dell&#8217;anno scolastico con l&#8217;adesione all&#8217;iniziativa promossa dall&#8217;Anpi e intitolata &#8220;Adotta un articolo della Costituzione&#8221;.<\/p>\n<p>Durante la serata verranno proposte musiche, canzoni e proiezioni che tratteranno i temi culturali, artistici e paesaggistici dell&#8217;articolo 9 della Costituzione riferiti alla realt\u00e0 locale della Val Bormida ed ai valori di cittadinanza nel pi\u00f9 ampio contesto delle celebrazioni per l&#8217;Unit\u00e0 d&#8217;Italia.<\/p>\n<p>Oltre alle classi della scuola dell&#8217;infanzia, primaria e secondaria di primo grado di Cairo e Dego, parteciperanno allo spettacolo anche i corsisti del Centro Territoriale Permanente che insieme ai docenti dell&#8217;Istituto Comprensivo formeranno un &#8220;gruppo corale&#8221;. La serata si concluder\u00e0 con l&#8217;Inno d&#8217;Italia eseguito dagli allievi dei corsi di strumento musicale.<\/p>\n<p>Far\u00e0 parte della manifestazione anche una mostra che presenter\u00e0 gli elaborati grafici e multimediali realizzati dagli alunni in riferimento all&#8217;articolo 9 della Costituzione. La mostra sar\u00e0 aperta il 24 maggio nell&#8217;atrio del Teatro al pomeriggio dalle ore 15 alle ore 18 e alla sera dalle ore 20 alle ore 23.<\/p>\n","protected":false},"excerpt":{"rendered":"<p>Cairo Montenotte. Marted\u00ec 24 maggio alle ore 21, presso il Teatro del Palazzo di Citt\u00e0, l&#8217;Istituto Comprensivo di Cairo Montenotte presenter\u00e0 uno spettacolo dedicato all&#8217;articolo 9 della Costituzione. I valori dello sviluppo della cultura, la tutela del paesaggio e del patrimonio storico e artistico saranno i fili conduttori della manifestazione realizzata con la collaborazione dell&#8217;Anpi [&hellip;]<\/p>\n","protected":false},"author":13744,"featured_media":0,"comment_status":"open","ping_status":"closed","sticky":false,"template":"","format":"standard","meta":{"footnotes":""},"categories":[],"tags":[4842,85987,6545],"class_list":["post-162721","post","type-post","status-publish","format-standard","hentry","tag-anpi","tag-cairo-montenotte","tag-costituzione","post_cat_citta-cairo-montenotte"],"amp_validity":null,"amp_enabled":true,"_links":{"self":[{"href":"https:\/\/staging.ivg.it\/ediapi\/wp\/v2\/posts\/162721","targetHints":{"allow":["GET"]}}],"collection":[{"href":"https:\/\/staging.ivg.it\/ediapi\/wp\/v2\/posts"}],"about":[{"href":"https:\/\/staging.ivg.it\/ediapi\/wp\/v2\/types\/post"}],"author":[{"embeddable":true,"href":"https:\/\/staging.ivg.it\/ediapi\/wp\/v2\/users\/13744"}],"replies":[{"embeddable":true,"href":"https:\/\/staging.ivg.it\/ediapi\/wp\/v2\/comments?post=162721"}],"version-history":[{"count":0,"href":"https:\/\/staging.ivg.it\/ediapi\/wp\/v2\/posts\/162721\/revisions"}],"wp:attachment":[{"href":"https:\/\/staging.ivg.it\/ediapi\/wp\/v2\/media?parent=162721"}],"wp:term":[{"taxonomy":"category","embeddable":true,"href":"https:\/\/staging.ivg.it\/ediapi\/wp\/v2\/categories?post=162721"},{"taxonomy":"post_tag","embeddable":true,"href":"https:\/\/staging.ivg.it\/ediapi\/wp\/v2\/tags?post=162721"}],"curies":[{"name":"wp","href":"https:\/\/api.w.org\/{rel}","templated":true}]}}