{"id":162708,"date":"2011-05-19T15:25:32","date_gmt":"2011-05-19T13:25:32","guid":{"rendered":"http:\/\/www.ivg.it\/?p=162708"},"modified":"2011-05-19T18:33:27","modified_gmt":"2011-05-19T16:33:27","slug":"varazze-una-mostra-dedicata-alla-medicina-savonese","status":"publish","type":"post","link":"https:\/\/staging.ivg.it\/2011\/05\/varazze-una-mostra-dedicata-alla-medicina-savonese\/","title":{"rendered":"Varazze, una mostra dedicata alla Medicina Savonese"},"content":{"rendered":"<p><strong>Varazze<\/strong>. Sabato 21 maggio alle ore 16 verr\u00e0 inaugurata nelle sale del Palazzo Beato Jacopo a Varazze la mostra della Medicina Savonese, alla presenza del sindaco della citt\u00e0 Giovanni Delfino che, in qualit\u00e0 di padrone di casa, si incaricher\u00e0 del taglio del nastro.<\/p>\n<p>Sempre all&#8217;inaugurazione sar\u00e0 presente il presidente dell&#8217;ordine dei Medici della Provincia, Ugo Trucco, con i medici del comprensorio, gran parte della Giunta comunale e tutti i collaboratori della manifestazione, mentre in dubbio rimane la presenza del vescovo Lupi che gradirebbe ricordare la memoria di un grande medico cattolico di Varazze, Giuseppe Massone, sempre che riesca a trovare uno spiraglio giusto tra i suoi innumerevoli impegni.<\/p>\n<p>Ospite d&#8217;eccezione, anche se non direttamente collegata al mondo della medicina, sar\u00e0 la neocampionessa di sci alpino Federica Brignone, recente vincitrice della medaglia d&#8217;argento ai campionati mondiali, nipote della organizzatrice materiale di questa mostra e appartenente all&#8217;arma dei Carabinieri con la quale l&#8217;ordine dei Medici \u00e8 in stretta collaborazione per tutelare i cittadini da chi abusivamente pratica la professione.<\/p>\n<p>La mostra conterr\u00e0, oltre ad una preziosa collezione di ex libris, parecchie vetrinette nelle quali sono contenuti antichi oggetti e strumenti di uso sia medico che farmaceutico risalenti agli anni passati, vasi e mortai in ceramica provenienti da vecchie farmacie, libri e manuali. Su alcuni totem si possono trovare le foto con brevi didascalie di tutti i residenti dell&#8217;ordine, dal 1929 ad oggi, dei medici savonesi illustri cui sono state dedicate piazze o strade, di tutti i medici del comprensorio di Varazze, di Celle delle Albissole, di Stella, Sassello e Urbe (dei quali abbiamo avuto comunicazione) e che hanno legato il loro nome alla storia dei comuni nei quali sono vissuti, lasciando tanti rimpianti in chi li ha conosciuti.<\/p>\n<p>Altri pannelli raccontano e documentano visivamente degli ospedali di Santa Corona, Sn Paolo, Cairo Montenotte, Albenga e Varazze, compresi gli ospedali militari del periodo bellico.<\/p>\n<p>Sono anche da gustare, tra le altre cose, alcune poesie dei varazzini Mario Traversi e Carletto Ghigliotti, che affrontano satiricamente con il loro humor i problemi della medicina insieme ai proverbi di Johnny Way.<\/p>\n","protected":false},"excerpt":{"rendered":"<p>Varazze. Sabato 21 maggio alle ore 16 verr\u00e0 inaugurata nelle sale del Palazzo Beato Jacopo a Varazze la mostra della Medicina Savonese, alla presenza del sindaco della citt\u00e0 Giovanni Delfino che, in qualit\u00e0 di padrone di casa, si incaricher\u00e0 del taglio del nastro. Sempre all&#8217;inaugurazione sar\u00e0 presente il presidente dell&#8217;ordine dei Medici della Provincia, Ugo [&hellip;]<\/p>\n","protected":false},"author":13744,"featured_media":0,"comment_status":"open","ping_status":"closed","sticky":false,"template":"","format":"standard","meta":{"footnotes":""},"categories":[],"tags":[389,86188,85868],"class_list":["post-162708","post","type-post","status-publish","format-standard","hentry","tag-mostre-darte","tag-palazzo-beato-jacopo","tag-varazze","post_cat_citta-varazze"],"amp_validity":null,"amp_enabled":true,"_links":{"self":[{"href":"https:\/\/staging.ivg.it\/ediapi\/wp\/v2\/posts\/162708","targetHints":{"allow":["GET"]}}],"collection":[{"href":"https:\/\/staging.ivg.it\/ediapi\/wp\/v2\/posts"}],"about":[{"href":"https:\/\/staging.ivg.it\/ediapi\/wp\/v2\/types\/post"}],"author":[{"embeddable":true,"href":"https:\/\/staging.ivg.it\/ediapi\/wp\/v2\/users\/13744"}],"replies":[{"embeddable":true,"href":"https:\/\/staging.ivg.it\/ediapi\/wp\/v2\/comments?post=162708"}],"version-history":[{"count":0,"href":"https:\/\/staging.ivg.it\/ediapi\/wp\/v2\/posts\/162708\/revisions"}],"wp:attachment":[{"href":"https:\/\/staging.ivg.it\/ediapi\/wp\/v2\/media?parent=162708"}],"wp:term":[{"taxonomy":"category","embeddable":true,"href":"https:\/\/staging.ivg.it\/ediapi\/wp\/v2\/categories?post=162708"},{"taxonomy":"post_tag","embeddable":true,"href":"https:\/\/staging.ivg.it\/ediapi\/wp\/v2\/tags?post=162708"}],"curies":[{"name":"wp","href":"https:\/\/api.w.org\/{rel}","templated":true}]}}