{"id":162693,"date":"2011-05-19T14:59:33","date_gmt":"2011-05-19T12:59:33","guid":{"rendered":"http:\/\/www.ivg.it\/?p=162693"},"modified":"2011-05-19T19:09:35","modified_gmt":"2011-05-19T17:09:35","slug":"sanguisughe-mario-giordano-presenta-il-suo-volume-ad-albenga","status":"publish","type":"post","link":"https:\/\/staging.ivg.it\/2011\/05\/sanguisughe-mario-giordano-presenta-il-suo-volume-ad-albenga\/","title":{"rendered":"\u201cSanguisughe\u201d: Mario Giordano presenta il suo volume ad Albenga"},"content":{"rendered":"<p><strong>Albenga<\/strong>. &#8220;&#8216;Hey, in questo mondo di ladri c&#8217;\u00e8 ancora un gruppo di amici che non si arrendono mai'&#8221;. \u00c8 questa la colonna sonora che accompagna l&#8217;appuntamento con Mario Giordano, il giornalista e amico che, domani sera, alle ore 20,45, all&#8217;auditorium San Carlo, presenter\u00e0 per Albenga il suo ultimo libro, &#8216;Sanguisughe, le pensioni d&#8217;oro che ci prosciugano le tasche'&#8221;. Con queste parole Eraldo Ciangherotti, assessore alle Politiche sociali, giovanili e del volontariato, commenta l&#8217;incontro culturale di domani con Mario Giordano, per la presentazione dell&#8217;ultimo libro, edito da Mondandori e in vendita alla Libreria Le Torri di piazza San Michele ad Albenga.<\/p>\n<p>&#8220;Di fronte ad un libro che, negli ultimi giorni si conferma nella top ten dei pi\u00f9 venduti, &#8211; prosegue Ciangherotti -, siamo contenti di poter ospitare, nell&#8217;ambito delle politiche giovanili e sociali, questo scrittore. Sar\u00e0 interessante affrontare un&#8217;approfondita riflessione su un argomento cos\u00ec delicato come la previdenza sociale, per motivare l&#8217;opinione pubblica e le istituzioni ad una coraggiosa manovra mirata a correggere le situazioni pensionistiche ad oggi pi\u00f9 scandalose&#8221;.<\/p>\n<p>&#8220;All&#8217;evento abbiamo invitato i direttori dell&#8217;Inps provinciale e albenganese. Ci auguriamo che il dialogo tra l&#8217;autore Mario Giordano e il professor Luca Beltrametti, ordinario di Politica economica alla Facolt\u00e0 di Economia e Commercio dell&#8217;Universit\u00e0 di Genova, sia stimolante per sempre pi\u00f9 ampie iniziative sulle pensioni. Lo sguardo al mondo della terza et\u00e0 &#8211; conclude Ciangherotti &#8211; \u00e8 interessante per conoscere i disagi che i nostri meno giovani vivono oggi e per preoccuparsi di quelli che in un futuro potrebbero diventare i personali problemi&#8221;.<\/p>\n","protected":false},"excerpt":{"rendered":"<p>Albenga. &#8220;&#8216;Hey, in questo mondo di ladri c&#8217;\u00e8 ancora un gruppo di amici che non si arrendono mai&#8217;&#8221;. \u00c8 questa la colonna sonora che accompagna l&#8217;appuntamento con Mario Giordano, il giornalista e amico che, domani sera, alle ore 20,45, all&#8217;auditorium San Carlo, presenter\u00e0 per Albenga il suo ultimo libro, &#8216;Sanguisughe, le pensioni d&#8217;oro che ci [&hellip;]<\/p>\n","protected":false},"author":13744,"featured_media":0,"comment_status":"open","ping_status":"closed","sticky":false,"template":"","format":"standard","meta":{"footnotes":""},"categories":[],"tags":[85841,1238,32762],"class_list":["post-162693","post","type-post","status-publish","format-standard","hentry","tag-albenga","tag-eraldo-ciangherotti","tag-mario-giordano","post_cat_citta-albenga"],"amp_validity":null,"amp_enabled":true,"_links":{"self":[{"href":"https:\/\/staging.ivg.it\/ediapi\/wp\/v2\/posts\/162693","targetHints":{"allow":["GET"]}}],"collection":[{"href":"https:\/\/staging.ivg.it\/ediapi\/wp\/v2\/posts"}],"about":[{"href":"https:\/\/staging.ivg.it\/ediapi\/wp\/v2\/types\/post"}],"author":[{"embeddable":true,"href":"https:\/\/staging.ivg.it\/ediapi\/wp\/v2\/users\/13744"}],"replies":[{"embeddable":true,"href":"https:\/\/staging.ivg.it\/ediapi\/wp\/v2\/comments?post=162693"}],"version-history":[{"count":0,"href":"https:\/\/staging.ivg.it\/ediapi\/wp\/v2\/posts\/162693\/revisions"}],"wp:attachment":[{"href":"https:\/\/staging.ivg.it\/ediapi\/wp\/v2\/media?parent=162693"}],"wp:term":[{"taxonomy":"category","embeddable":true,"href":"https:\/\/staging.ivg.it\/ediapi\/wp\/v2\/categories?post=162693"},{"taxonomy":"post_tag","embeddable":true,"href":"https:\/\/staging.ivg.it\/ediapi\/wp\/v2\/tags?post=162693"}],"curies":[{"name":"wp","href":"https:\/\/api.w.org\/{rel}","templated":true}]}}