{"id":162461,"date":"2011-05-18T15:57:35","date_gmt":"2011-05-18T13:57:35","guid":{"rendered":"http:\/\/www.ivg.it\/?p=162461"},"modified":"2011-05-18T15:57:35","modified_gmt":"2011-05-18T13:57:35","slug":"etica-e-appalti-regione-liguria-in-primo-piano-per-uneconomia-piu-responsabile","status":"publish","type":"post","link":"https:\/\/staging.ivg.it\/2011\/05\/etica-e-appalti-regione-liguria-in-primo-piano-per-uneconomia-piu-responsabile\/","title":{"rendered":"Etica e appalti: Regione Liguria in primo piano per un&#8217;economia pi\u00f9 responsabile"},"content":{"rendered":"<p><strong>Regione<\/strong>. Molte le presenze tra rappresentanti istituzionali, della societ\u00e0 civile e dell&#8217;imprenditoria al convegno internazionale &#8220;Virt\u00f9 private, pubblico valore. La sostenibilit\u00e0 ambientale e sociale negli appalti. Buone pratiche e prospettive future&#8221; organizzato in Regione Liguria da Fair, Legambiente Liguria, Fairwatch e Cospe con il sostegno di Regione Liguria, il Ministero dell&#8217;Ambiente e l&#8217;Unione Europea ed EticLab.<\/p>\n<p>All&#8217;evento partecipano, oltre a Carlo Zaghi, dirigente del Ministero dell&#8217;Ambiente; Simone Ricotta, di Arpat Toscana; Renata Briano, Assessore all&#8217;Ambiente della Regione Liguria anche Anna Lipkin dello Stockolm County Council e diversi esempi di imprenditoria ligure responsabile come EticLab, I Provenzali e Aqua.<\/p>\n<p>La Commissione europea sta lavorando su una revisione dei criteri degli appalti pubblici con la convocazione di una consultazione sulla modernizzazione del mercato degli appalti, i cui risultati verranno discussi durante una conferenza che sar\u00e0 organizzata dalla Commissione europea il 30 giugno. Si tratta di un mercato enorme, che rappresenta il 17% della spesa pubblica europea e che se opportunamente riorientato potrebbe dare un forte impulso alla crescita di un&#8217;imprenditoria attenta ai diritti delle persone e dell&#8217;ambiente. Solo in Italia questo mercato vale 50 miliardi di euro, un&#8217;entit\u00e0 che potrebbe riferirsi a 4 corpose finanziarie.<\/p>\n<p>&#8220;Abbiamo lavorato molto come Regione Liguria sul piano di aggiornamento sugli acquisti verdi &#8211; dichiara Renata Briano, assessore all&#8217;Ambiente della Regione Liguria -, credo sia importante a questo punto rilanciare un percorso con gli altri assessorati competenti per ampliare il concetto di sostenibilit\u00e0 anche ai criteri sociali&#8221;. Un impegno che potrebbe inserire la Liguria tra le prime Regioni impegnate a far convergere i criteri sociali ed ambientali negli appalti all&#8217;interno di un&#8217;unica cornice.<\/p>\n<p>&#8220;E&#8217; importante un impegno della Regione Liguria proprio in vista del percorso della Commissione Europea &#8211; dichiara Deborah Lucchetti presidente dell&#8217;organizzazione equosolidale Fair, tra le organizzatrici dell&#8217;evento -, un progetto pilota di tale portata potrebbe potenziare l&#8217;offerta delle imprese liguri, che potrebbero beneficiare di una domanda pubblica orientata eticamente&#8221;.<\/p>\n<p>Ma l&#8217;etica non rischia di aumentare i costi per le pubbliche amministrazioni? &#8220;Inserire criteri etici negli appalti pubblici non ha solo un  valore sociale &#8211; conclude Deborah Lucchetti -, ma anche economico: l&#8217;apparente maggiore costo iniziale evita di dover intervenire con risorse aggiuntive nel dopo, per recuperare gli effetti negativi ambientali e sociali, causati scelte imprenditoriali poco responsabili che fanno pagare alla collettivit\u00e0 atteggiamenti poco sostenibili&#8221;.<\/p>\n<p>La due giorni si concluder\u00e0 al cinema City domani, gioved\u00ec 19 maggio alle 20,30, con la proiezione &#8220;Morire di lavoro&#8221;, una serata a ingresso libero che prevede anche l&#8217;incontro con il regista Daniele Segre per parlare di lavoro, diritti e dei percorsi che su Genova ed in Liguria vanno nella direzione di un&#8217;economia sostenibile.<\/p>\n","protected":false},"excerpt":{"rendered":"<p>Regione. Molte le presenze tra rappresentanti istituzionali, della societ\u00e0 civile e dell&#8217;imprenditoria al convegno internazionale &#8220;Virt\u00f9 private, pubblico valore. La sostenibilit\u00e0 ambientale e sociale negli appalti. Buone pratiche e prospettive future&#8221; organizzato in Regione Liguria da Fair, Legambiente Liguria, Fairwatch e Cospe con il sostegno di Regione Liguria, il Ministero dell&#8217;Ambiente e l&#8217;Unione Europea ed [&hellip;]<\/p>\n","protected":false},"author":13744,"featured_media":0,"comment_status":"open","ping_status":"closed","sticky":false,"template":"","format":"standard","meta":{"footnotes":""},"categories":[],"tags":[14490,3641,295,22427],"class_list":["post-162461","post","type-post","status-publish","format-standard","hentry","tag-appalti","tag-etica","tag-regione","tag-renata-briano","post_cat_citta-andora"],"amp_validity":null,"amp_enabled":true,"_links":{"self":[{"href":"https:\/\/staging.ivg.it\/ediapi\/wp\/v2\/posts\/162461","targetHints":{"allow":["GET"]}}],"collection":[{"href":"https:\/\/staging.ivg.it\/ediapi\/wp\/v2\/posts"}],"about":[{"href":"https:\/\/staging.ivg.it\/ediapi\/wp\/v2\/types\/post"}],"author":[{"embeddable":true,"href":"https:\/\/staging.ivg.it\/ediapi\/wp\/v2\/users\/13744"}],"replies":[{"embeddable":true,"href":"https:\/\/staging.ivg.it\/ediapi\/wp\/v2\/comments?post=162461"}],"version-history":[{"count":0,"href":"https:\/\/staging.ivg.it\/ediapi\/wp\/v2\/posts\/162461\/revisions"}],"wp:attachment":[{"href":"https:\/\/staging.ivg.it\/ediapi\/wp\/v2\/media?parent=162461"}],"wp:term":[{"taxonomy":"category","embeddable":true,"href":"https:\/\/staging.ivg.it\/ediapi\/wp\/v2\/categories?post=162461"},{"taxonomy":"post_tag","embeddable":true,"href":"https:\/\/staging.ivg.it\/ediapi\/wp\/v2\/tags?post=162461"}],"curies":[{"name":"wp","href":"https:\/\/api.w.org\/{rel}","templated":true}]}}