{"id":161388,"date":"2011-05-14T10:50:49","date_gmt":"2011-05-14T08:50:49","guid":{"rendered":"http:\/\/www.ivg.it\/?p=161388"},"modified":"2011-05-14T19:01:55","modified_gmt":"2011-05-14T17:01:55","slug":"pallanuoto-ultima-chiamata-per-la-rari-nantes-obbligati-a-vincere-per-continuare-il-sogno-tricolore","status":"publish","type":"post","link":"https:\/\/staging.ivg.it\/2011\/05\/pallanuoto-ultima-chiamata-per-la-rari-nantes-obbligati-a-vincere-per-continuare-il-sogno-tricolore\/","title":{"rendered":"Pallanuoto, ultima chiamata per la Rari Nantes: obbligati a vincere per continuare il sogno tricolore"},"content":{"rendered":"<p><strong>Savona<\/strong>. Ultima chiamata per la Carisa Savona. Questa sera, tra le mura amiche della &#8220;Zanelli&#8221;, la Rari Nantes scender\u00e0 in vasca, alle 20,30 (diretta tv su Rai Sport 1), contro la Pro Recco, per gara 2 della finale scudetto. I savonesi per continuare il loro sogno tricolore sono obbligati a vincere: una sconfitta regalerebbe infatti l&#8217;ennesimo trionfo (il numero 25 per la precisione) in campionato per i genovesi.<\/p>\n<p>In gara uno la Rari ha lottato ma ha dovuto cedere per 12-9 al Recco che continua ad essere imbattuto quest&#8217;anno, in Italia come in Europa. La Carisa dovr\u00e0 quindi tentare l&#8217;impresa di mandare ko, per la prima volta in stagione, i biancocelesti. La partita, tiratissima, dell&#8217;andata, in cui i biancorossi non sono parsi cos\u00ec distanti dai rivali, fa sperare tutti i tifosi savonesi. E per stasera nell&#8217;impianto di corso Colombo \u00e8 atteso il tutto esaurito: ci sar\u00e0 un&#8217;intera citt\u00e0, capitanata dalla Torcida Biancorossa, a spingere la Rari. Chiss\u00e0 che questa non possa essere la marcia in pi\u00f9 per i giocatori di Claudio Mistrangelo.<\/p>\n","protected":false},"excerpt":{"rendered":"<p>Savona. Ultima chiamata per la Carisa Savona. Questa sera, tra le mura amiche della &#8220;Zanelli&#8221;, la Rari Nantes scender\u00e0 in vasca, alle 20,30 (diretta tv su Rai Sport 1), contro la Pro Recco, per gara 2 della finale scudetto. I savonesi per continuare il loro sogno tricolore sono obbligati a vincere: una sconfitta regalerebbe infatti [&hellip;]<\/p>\n","protected":false},"author":13744,"featured_media":0,"comment_status":"open","ping_status":"closed","sticky":false,"template":"","format":"standard","meta":{"footnotes":""},"categories":[32],"tags":[29410,30206,32843,166,85850,3676],"class_list":["post-161388","post","type-post","status-publish","format-standard","hentry","category-sport","tag-carisa-savona","tag-ferla-pro-recco","tag-finale-playoff","tag-pallanuoto","tag-savona","tag-serie-a1","post_cat_citta-savona"],"amp_validity":null,"amp_enabled":true,"_links":{"self":[{"href":"https:\/\/staging.ivg.it\/ediapi\/wp\/v2\/posts\/161388","targetHints":{"allow":["GET"]}}],"collection":[{"href":"https:\/\/staging.ivg.it\/ediapi\/wp\/v2\/posts"}],"about":[{"href":"https:\/\/staging.ivg.it\/ediapi\/wp\/v2\/types\/post"}],"author":[{"embeddable":true,"href":"https:\/\/staging.ivg.it\/ediapi\/wp\/v2\/users\/13744"}],"replies":[{"embeddable":true,"href":"https:\/\/staging.ivg.it\/ediapi\/wp\/v2\/comments?post=161388"}],"version-history":[{"count":0,"href":"https:\/\/staging.ivg.it\/ediapi\/wp\/v2\/posts\/161388\/revisions"}],"wp:attachment":[{"href":"https:\/\/staging.ivg.it\/ediapi\/wp\/v2\/media?parent=161388"}],"wp:term":[{"taxonomy":"category","embeddable":true,"href":"https:\/\/staging.ivg.it\/ediapi\/wp\/v2\/categories?post=161388"},{"taxonomy":"post_tag","embeddable":true,"href":"https:\/\/staging.ivg.it\/ediapi\/wp\/v2\/tags?post=161388"}],"curies":[{"name":"wp","href":"https:\/\/api.w.org\/{rel}","templated":true}]}}