{"id":161109,"date":"2011-05-13T08:24:23","date_gmt":"2011-05-13T06:24:23","guid":{"rendered":"http:\/\/www.ivg.it\/?p=161109"},"modified":"2011-05-13T08:24:23","modified_gmt":"2011-05-13T06:24:23","slug":"la-destra-chiude-la-campagna-elettorale-col-segretario-viola","status":"publish","type":"post","link":"https:\/\/staging.ivg.it\/2011\/05\/la-destra-chiude-la-campagna-elettorale-col-segretario-viola\/","title":{"rendered":"La Destra chiude la campagna elettorale col segretario Viola"},"content":{"rendered":"<p><strong>Savona.<\/strong> Il segretario provinciale Alberto Viola ha chiuso la campagna elettorale alla presenza di tutti i candidati sindaci e consiglieri comunali. Viola ha ringraziato tutti i cittadini che si sono resi disponibili durante la campagna elettorale per confronti e dibattiti e in particolare i giornalisti che hanno dato spazio alle iniziative del partito sui loro quotidiani.<\/p>\n<p>&#8220;Queste amministrative confermano la vocazione territoriale della Destra che punta a ripartire dalle piccole realt\u00e0 per un confronto pi\u00f9 diretto con i cittadini&#8221;, si legge in una nota del partito.<\/p>\n<p>Aggiunge Francesco Gandolfi, da ieri nominato segretario regionale del giovanile de La Destra, \u201cPer noi di Giovent\u00f9 Italiana \u00e8 gi\u00e0 un successo la presentazione delle liste elettorali e il fatto che tre candidati sindaci su quattro siano ventiduenni, sinonimo della fiducia che il partito nutre nei nostri confronti e consapevole della necessit\u00e0 di volti nuovi e puliti in politica\u201d.<\/p>\n","protected":false},"excerpt":{"rendered":"<p>Savona. Il segretario provinciale Alberto Viola ha chiuso la campagna elettorale alla presenza di tutti i candidati sindaci e consiglieri comunali. Viola ha ringraziato tutti i cittadini che si sono resi disponibili durante la campagna elettorale per confronti e dibattiti e in particolare i giornalisti che hanno dato spazio alle iniziative del partito sui loro [&hellip;]<\/p>\n","protected":false},"author":13744,"featured_media":0,"comment_status":"open","ping_status":"closed","sticky":false,"template":"","format":"standard","meta":{"footnotes":""},"categories":[31],"tags":[31328,1020,85850],"class_list":["post-161109","post","type-post","status-publish","format-standard","hentry","category-politica","tag-elezioni-savona","tag-la-destra","tag-savona","post_cat_citta-savona"],"amp_validity":null,"amp_enabled":true,"_links":{"self":[{"href":"https:\/\/staging.ivg.it\/ediapi\/wp\/v2\/posts\/161109","targetHints":{"allow":["GET"]}}],"collection":[{"href":"https:\/\/staging.ivg.it\/ediapi\/wp\/v2\/posts"}],"about":[{"href":"https:\/\/staging.ivg.it\/ediapi\/wp\/v2\/types\/post"}],"author":[{"embeddable":true,"href":"https:\/\/staging.ivg.it\/ediapi\/wp\/v2\/users\/13744"}],"replies":[{"embeddable":true,"href":"https:\/\/staging.ivg.it\/ediapi\/wp\/v2\/comments?post=161109"}],"version-history":[{"count":0,"href":"https:\/\/staging.ivg.it\/ediapi\/wp\/v2\/posts\/161109\/revisions"}],"wp:attachment":[{"href":"https:\/\/staging.ivg.it\/ediapi\/wp\/v2\/media?parent=161109"}],"wp:term":[{"taxonomy":"category","embeddable":true,"href":"https:\/\/staging.ivg.it\/ediapi\/wp\/v2\/categories?post=161109"},{"taxonomy":"post_tag","embeddable":true,"href":"https:\/\/staging.ivg.it\/ediapi\/wp\/v2\/tags?post=161109"}],"curies":[{"name":"wp","href":"https:\/\/api.w.org\/{rel}","templated":true}]}}