{"id":160873,"date":"2011-05-12T12:19:14","date_gmt":"2011-05-12T10:19:14","guid":{"rendered":"http:\/\/www.ivg.it\/?p=160873"},"modified":"2011-05-12T18:36:36","modified_gmt":"2011-05-12T16:36:36","slug":"arresto-drocchi-le-precisazioni-di-di-tullio-pd","status":"publish","type":"post","link":"https:\/\/staging.ivg.it\/2011\/05\/arresto-drocchi-le-precisazioni-di-di-tullio-pd\/","title":{"rendered":"Arresto Drocchi: le precisazioni di Di Tullio (Pd)"},"content":{"rendered":"<p><strong>Savona.<\/strong> Il segretario provinciale del Pd, Livio Di Tullio, torna sul caso Drocchi e sottolinea come &#8220;l&#8217;indagine della magistratura riguardi solo l&#8217;attivit\u00e0 di Drocchi come funzionario del Comune di Vado Ligure e non per la sua attivit\u00e0 politica di Savona e in qualit\u00e0 di consigliere comunale del Pd&#8221; e rimarca l&#8217;assoluta &#8220;trasparenza nell&#8217;azione amministrativa di questi anni e questo  anche a tutela dello stesso Pd cos\u00ec come della nostra lista per le prossime comunali&#8221;.<\/p>\n<p>Di Tullio ha precisato poi di aver chiesto spiegazioni al presidente del Riviera Vado Basket sugli accertamenti in corso nel suo ufficio comunale vadese: &#8220;Ho chiamato Drocchi ma questi mi ha tranquillizzato pi\u00f9 volte ribadendo che si trattava di semplici verifiche fiscali riguardo alla sua attivit\u00e0 nel mondo del basket savonese&#8221;.<\/p>\n","protected":false},"excerpt":{"rendered":"<p>Savona. Il segretario provinciale del Pd, Livio Di Tullio, torna sul caso Drocchi e sottolinea come &#8220;l&#8217;indagine della magistratura riguardi solo l&#8217;attivit\u00e0 di Drocchi come funzionario del Comune di Vado Ligure e non per la sua attivit\u00e0 politica di Savona e in qualit\u00e0 di consigliere comunale del Pd&#8221; e rimarca l&#8217;assoluta &#8220;trasparenza nell&#8217;azione amministrativa di [&hellip;]<\/p>\n","protected":false},"author":13744,"featured_media":0,"comment_status":"open","ping_status":"closed","sticky":false,"template":"","format":"standard","meta":{"footnotes":""},"categories":[34,31],"tags":[31328,197,5500,1959,85850,85979],"class_list":["post-160873","post","type-post","status-publish","format-standard","hentry","category-cronaca","category-politica","tag-elezioni-savona","tag-pd","tag-riviera-vado-basket","tag-roberto-drocchi","tag-savona","tag-vado-ligure","post_cat_citta-savona"],"amp_validity":null,"amp_enabled":true,"_links":{"self":[{"href":"https:\/\/staging.ivg.it\/ediapi\/wp\/v2\/posts\/160873","targetHints":{"allow":["GET"]}}],"collection":[{"href":"https:\/\/staging.ivg.it\/ediapi\/wp\/v2\/posts"}],"about":[{"href":"https:\/\/staging.ivg.it\/ediapi\/wp\/v2\/types\/post"}],"author":[{"embeddable":true,"href":"https:\/\/staging.ivg.it\/ediapi\/wp\/v2\/users\/13744"}],"replies":[{"embeddable":true,"href":"https:\/\/staging.ivg.it\/ediapi\/wp\/v2\/comments?post=160873"}],"version-history":[{"count":0,"href":"https:\/\/staging.ivg.it\/ediapi\/wp\/v2\/posts\/160873\/revisions"}],"wp:attachment":[{"href":"https:\/\/staging.ivg.it\/ediapi\/wp\/v2\/media?parent=160873"}],"wp:term":[{"taxonomy":"category","embeddable":true,"href":"https:\/\/staging.ivg.it\/ediapi\/wp\/v2\/categories?post=160873"},{"taxonomy":"post_tag","embeddable":true,"href":"https:\/\/staging.ivg.it\/ediapi\/wp\/v2\/tags?post=160873"}],"curies":[{"name":"wp","href":"https:\/\/api.w.org\/{rel}","templated":true}]}}