{"id":160490,"date":"2011-05-11T09:34:13","date_gmt":"2011-05-11T07:34:13","guid":{"rendered":"http:\/\/www.ivg.it\/?p=160490"},"modified":"2011-05-11T16:16:58","modified_gmt":"2011-05-11T14:16:58","slug":"balneari-brambilla-90-anni-di-concessione-per-restituire-certezze-agli-addetti-ai-lavori","status":"publish","type":"post","link":"https:\/\/staging.ivg.it\/2011\/05\/balneari-brambilla-90-anni-di-concessione-per-restituire-certezze-agli-addetti-ai-lavori\/","title":{"rendered":"Balneari, Brambilla: \u201c90 anni di \u2018respiro\u2019 per restituire certezze agli addetti ai lavori\u201d"},"content":{"rendered":"<p><strong>Savona<\/strong>. La tutela del settore balneare tra le priorit\u00e0 del governo. A dirlo a chiare lettere \u00e8 il ministro del Turismo, Michela Vittoria Brambilla, ospite ieri a Savona di un incontro a sostegno di Paolo Marson sindaco.<\/p>\n<p>&#8220;Crediamo che i 25mila operatori del balneare debbano vedersi assicurate tutte le tutele e garanzie per le loro attivit\u00e0 e avere certezze per i propri investimenti, il proprio futuro e quello dei loro figli &#8211; dice il ministro &#8211; Per questo abbiamo inserito nel Decreto Sviluppo una misura che riconosca l&#8217;unicit\u00e0 della realt\u00e0 italiana di spiagge e coste che, a differenza del resto d&#8217;Europa, rappresenta un caso a s\u00e9. Pensiamo dunque che 90 anni di diritto di superficie siano in grado di dare certezze agli addetti ai lavori. Il tutto, sia chiaro, nel rispetto dei vincolo ambinetali e paesaggistici&#8221;.<\/p>\n","protected":false},"excerpt":{"rendered":"<p>Savona. La tutela del settore balneare tra le priorit\u00e0 del governo. A dirlo a chiare lettere \u00e8 il ministro del Turismo, Michela Vittoria Brambilla, ospite ieri a Savona di un incontro a sostegno di Paolo Marson sindaco. &#8220;Crediamo che i 25mila operatori del balneare debbano vedersi assicurate tutte le tutele e garanzie per le loro [&hellip;]<\/p>\n","protected":false},"author":13744,"featured_media":0,"comment_status":"open","ping_status":"closed","sticky":false,"template":"","format":"standard","meta":{"footnotes":""},"categories":[31],"tags":[17436,13239,31328,24577,85850,9791,107],"class_list":["post-160490","post","type-post","status-publish","format-standard","hentry","category-politica","tag-balneari","tag-concessioni-demaniali","tag-elezioni-savona","tag-michela-vittoria-brambilla","tag-savona","tag-spiagge","tag-turismo","post_cat_citta-savona"],"amp_validity":null,"amp_enabled":true,"_links":{"self":[{"href":"https:\/\/staging.ivg.it\/ediapi\/wp\/v2\/posts\/160490","targetHints":{"allow":["GET"]}}],"collection":[{"href":"https:\/\/staging.ivg.it\/ediapi\/wp\/v2\/posts"}],"about":[{"href":"https:\/\/staging.ivg.it\/ediapi\/wp\/v2\/types\/post"}],"author":[{"embeddable":true,"href":"https:\/\/staging.ivg.it\/ediapi\/wp\/v2\/users\/13744"}],"replies":[{"embeddable":true,"href":"https:\/\/staging.ivg.it\/ediapi\/wp\/v2\/comments?post=160490"}],"version-history":[{"count":0,"href":"https:\/\/staging.ivg.it\/ediapi\/wp\/v2\/posts\/160490\/revisions"}],"wp:attachment":[{"href":"https:\/\/staging.ivg.it\/ediapi\/wp\/v2\/media?parent=160490"}],"wp:term":[{"taxonomy":"category","embeddable":true,"href":"https:\/\/staging.ivg.it\/ediapi\/wp\/v2\/categories?post=160490"},{"taxonomy":"post_tag","embeddable":true,"href":"https:\/\/staging.ivg.it\/ediapi\/wp\/v2\/tags?post=160490"}],"curies":[{"name":"wp","href":"https:\/\/api.w.org\/{rel}","templated":true}]}}