{"id":160047,"date":"2011-05-09T15:52:19","date_gmt":"2011-05-09T13:52:19","guid":{"rendered":"http:\/\/www.ivg.it\/?p=160047"},"modified":"2011-05-09T20:13:49","modified_gmt":"2011-05-09T18:13:49","slug":"elezioni-loano-claudio-fava-a-sostegno-della-lista-sinistra-unita-per-loano","status":"publish","type":"post","link":"https:\/\/staging.ivg.it\/2011\/05\/elezioni-loano-claudio-fava-a-sostegno-della-lista-sinistra-unita-per-loano\/","title":{"rendered":"Elezioni Loano: Claudio Fava a sostegno della lista Sinistra Unita per Loano"},"content":{"rendered":"<p><strong>Loano<\/strong>. Mercoled\u00ec 11 maggio alle 15, in Piazza Rocca a Loano, Claudio Fava, Coordinatore nazionale di Sinistra, Ecologia e Libert\u00e0, sosterr\u00e0 la lista Sinistra Unita per Loano, con Paolo Tosi candidato sindaco, in un incontro sul tema &#8220;Le mafie ci riguardano&#8221;.\u00a0Tra i fondatori della Rete, Claudio Fava \u00e8 stato deputato all&#8217;Assemblea Regionale Siciliana e al Parlamento Nazionale.\u00a0Iscritto al Gruppo del Socialismo Europeo (PSE), \u00e8 primo vice presidente<br \/>\ndell&#8217;Assemblea Parlamentare Euro-Latino Americana.\u00a0Il settimanale britannico \u201cThe Economist\u201d lo ha premiato come il Miglior Parlamentare Europeo del 2007.<\/p>\n<p>&#8220;Inutile dire che la presenza di Claudio Fava a Loano \u00e8 un momento di grande importanza per la comunit\u00e0 loanese e per l&#8217;esperienza politica che con Sinistra Unita per Loano si intende proporre agli elettori.\u00a0Ci limitiamo a dire che, mentre la lista Pignocca &#8211; Vaccarezza, dopo aver inaugurato il porto di Ligresti, si presenta ai loanesi con il patrocinio di Claudio Scajola, il cui curriculum \u00e8 noto a tutti (dal vergognoso &#8220;caso Biagi&#8221; alla patetica barzelletta della &#8220;casa compratagli da altri a sua insaputa&#8221;)\u00a0e che, malgrado gli imbarazzanti precedenti, \u00e8 tuttora evidentemente considerato un&#8217;icona e un esempio luminoso dalla truppa dei pidiellini, malgrado gli imbarazzanti precedenti, noi diamo lustro alla nostra campagna elettorale grazie a un politico e scrittore pulito, acuto, intelligente, tenace avversario della mafia che lo colp\u00ec duramente uccidendogli il padre giornalista&#8221; si legge in una nota di Sinistra Unita per Loano.<\/p>\n<p>&#8220;Le linee politiche delle liste sono rappresentate anche dai personaggi che le sostengono e noi siamo ben lieti che con noi sia Claudio Fava e non l&#8217;altro Claudio (Scajola), che lasciamo volentieri ai nostri avversari e al giudizio di coloro che, conservando una minima capacit\u00e0 critica, siano in grado ancora di valutare da uomini liberi le persone che intendono governarli&#8221; conclude Sinistra Unita per Loano.<\/p>\n","protected":false},"excerpt":{"rendered":"<p>Loano. Mercoled\u00ec 11 maggio alle 15, in Piazza Rocca a Loano, Claudio Fava, Coordinatore nazionale di Sinistra, Ecologia e Libert\u00e0, sosterr\u00e0 la lista Sinistra Unita per Loano, con Paolo Tosi candidato sindaco, in un incontro sul tema &#8220;Le mafie ci riguardano&#8221;.\u00a0Tra i fondatori della Rete, Claudio Fava \u00e8 stato deputato all&#8217;Assemblea Regionale Siciliana e al [&hellip;]<\/p>\n","protected":false},"author":13744,"featured_media":0,"comment_status":"open","ping_status":"closed","sticky":false,"template":"","format":"standard","meta":{"footnotes":""},"categories":[31],"tags":[9935,218,32102,85827,32103,32154],"class_list":["post-160047","post","type-post","status-publish","format-standard","hentry","category-politica","tag-claudio-fava","tag-elezioni","tag-elezioni-loano","tag-loano","tag-paolo-tosi","tag-sinistra-unita-per-loano","post_cat_citta-loano"],"amp_validity":null,"amp_enabled":true,"_links":{"self":[{"href":"https:\/\/staging.ivg.it\/ediapi\/wp\/v2\/posts\/160047","targetHints":{"allow":["GET"]}}],"collection":[{"href":"https:\/\/staging.ivg.it\/ediapi\/wp\/v2\/posts"}],"about":[{"href":"https:\/\/staging.ivg.it\/ediapi\/wp\/v2\/types\/post"}],"author":[{"embeddable":true,"href":"https:\/\/staging.ivg.it\/ediapi\/wp\/v2\/users\/13744"}],"replies":[{"embeddable":true,"href":"https:\/\/staging.ivg.it\/ediapi\/wp\/v2\/comments?post=160047"}],"version-history":[{"count":0,"href":"https:\/\/staging.ivg.it\/ediapi\/wp\/v2\/posts\/160047\/revisions"}],"wp:attachment":[{"href":"https:\/\/staging.ivg.it\/ediapi\/wp\/v2\/media?parent=160047"}],"wp:term":[{"taxonomy":"category","embeddable":true,"href":"https:\/\/staging.ivg.it\/ediapi\/wp\/v2\/categories?post=160047"},{"taxonomy":"post_tag","embeddable":true,"href":"https:\/\/staging.ivg.it\/ediapi\/wp\/v2\/tags?post=160047"}],"curies":[{"name":"wp","href":"https:\/\/api.w.org\/{rel}","templated":true}]}}