{"id":158468,"date":"2011-05-04T11:10:47","date_gmt":"2011-05-04T09:10:47","guid":{"rendered":"http:\/\/www.ivg.it\/?p=158468"},"modified":"2011-05-04T12:47:10","modified_gmt":"2011-05-04T10:47:10","slug":"albisola-diego-gambaretto-si-schiera-con-il-fronte-anti-ampliamento-tp-presentata-mozione-in-consiglio","status":"publish","type":"post","link":"https:\/\/staging.ivg.it\/2011\/05\/albisola-diego-gambaretto-si-schiera-con-il-fronte-anti-ampliamento-tp-presentata-mozione-in-consiglio\/","title":{"rendered":"Albisola, Diego Gambaretto si schiera con il fronte anti-ampliamento TP: presentata mozione in Consiglio"},"content":{"rendered":"<p><strong>Albisola S<\/strong>. Il consigliere comunale di maggioranza del Comune di Albisola Superiore Diego Gambaretta si schiera apertamente con il fronte del no all&#8217;ampliamento di Tirreno Power e presenta una mozione in consiglio comunale di sostenere pubblicamente l\u00b4esposto penale di accertamento della verit\u00e0 presentato contro la centrale vadese. &#8220;La mozione si voter\u00e0 nel prossimo consiglio del 9 maggio &#8211; spiega Gambaretto -, alla presenza del Sindaco di Albisola Orsi, membro della commissione ambiente al Senato&#8221;.<\/p>\n<p>&#8220;Per consapevolizzare i cittadini albisolesi sugli effetti nocivi della centrale a carbone di Vado Ligure, visto che i consiglieri di maggioranza hanno dimostrato di non conoscere l&#8217;argomento o hanno preso per vero ci\u00f2 che dice il Senatore, convinto sostenitore del carbone, ho deciso di organizzare una conferenza pubblica dal titolo &#8216;ampliamento della centrale a carbone di Vado, un pericolo anche per la salute degli albisolesi?&#8217;. L&#8217;associazione pi\u00f9 autorevole per parlare di questi argomenti, apartitica di volontari che persegue fini di solidariet\u00e0 sociale, civile e culturale; promuove e sostiene iniziative, informazioni finalizzate al miglioramento di vita e di salute dei cittadini, Uniti per la Salute Onlus, far\u00e0 una panoramica sull&#8217;argomento&#8221; precisa il consigliere comunale.<\/p>\n<p>&#8220;Alla conferenza, a cui seguir\u00e0 dibattito, interverranno anche il consigliere di opposizione Dott. Giovanni Tessore, l&#8217;Ing. Paolo Forzano che parler\u00e0 delle alternative energetiche possibili e l&#8217;ex Vicesegretario della Lega Nord Giancarlo Bertolazzi, da sempre in prima linea contro l&#8217;ampliamento&#8221; spiega Gambaretto che aggiunge: &#8220;Sicuro che il Sen Orsi, da buon burocrate, trover\u00e0 qualche trucchetto per non votare la mozione mi appello al buon senso ed all&#8217;onest\u00e0 intellettuale dei membri di maggioranza, in particolar modo all&#8217;assessore all&#8217;ambiente Roberta Casapietra, che lavora per l&#8217;agenzia regionale per l&#8217;energia della Liguria, ente incaricata di attuare le politiche energetiche regionali per portare la Liguria ad una posizione di eccellenza nazionale in termini di innovazione e di realizzazioni nel settore dell&#8217;energia&#8221;.<\/p>\n<p>&#8220;Oltre a tale ruolo istituzionale, ARE Liguria S.p.A. ha anche una funzione pi\u00f9 operativa di promozione e partecipazione diretta nella realizzazione di iniziative e progetti, assicurandone la coerenza con le politiche energetiche regionali, la condivisione con i soggetti locali e il rispetto delle peculiarit\u00e0 del territorio. La salute \u00e8 la cosa pi\u00f9 importante che abbiamo, i politici dimostrino di avere coraggio ed essere dalla parte dei cittadini: un atteggiamento che non paga se si vuole fare carriera politica od ottenere vantaggi, ma che fa sentire a posto con la coscienza&#8221; conclude Gambaretto.<\/p>\n<p>L&#8217;incontro pubblico \u00e8 stato fissato per domani sera, alle 20,45, presso la S.M.S. Paolo Boselli (via Colombo). Tutta la cittadinanza \u00e8 invitata a partecipare.<\/p>\n","protected":false},"excerpt":{"rendered":"<p>Albisola S. Il consigliere comunale di maggioranza del Comune di Albisola Superiore Diego Gambaretta si schiera apertamente con il fronte del no all&#8217;ampliamento di Tirreno Power e presenta una mozione in consiglio comunale di sostenere pubblicamente l\u00b4esposto penale di accertamento della verit\u00e0 presentato contro la centrale vadese. &#8220;La mozione si voter\u00e0 nel prossimo consiglio del [&hellip;]<\/p>\n","protected":false},"author":13744,"featured_media":0,"comment_status":"open","ping_status":"closed","sticky":false,"template":"","format":"standard","meta":{"footnotes":""},"categories":[56,34,31],"tags":[432,701,2202,5235,3931],"class_list":["post-158468","post","type-post","status-publish","format-standard","hentry","category-altre","category-cronaca","category-politica","tag-albisola","tag-diego-gambaretto","tag-incontro-pubblico","tag-mozione","tag-tirreno-power","post_cat_citta-albisola-superiore"],"amp_validity":null,"amp_enabled":true,"_links":{"self":[{"href":"https:\/\/staging.ivg.it\/ediapi\/wp\/v2\/posts\/158468","targetHints":{"allow":["GET"]}}],"collection":[{"href":"https:\/\/staging.ivg.it\/ediapi\/wp\/v2\/posts"}],"about":[{"href":"https:\/\/staging.ivg.it\/ediapi\/wp\/v2\/types\/post"}],"author":[{"embeddable":true,"href":"https:\/\/staging.ivg.it\/ediapi\/wp\/v2\/users\/13744"}],"replies":[{"embeddable":true,"href":"https:\/\/staging.ivg.it\/ediapi\/wp\/v2\/comments?post=158468"}],"version-history":[{"count":0,"href":"https:\/\/staging.ivg.it\/ediapi\/wp\/v2\/posts\/158468\/revisions"}],"wp:attachment":[{"href":"https:\/\/staging.ivg.it\/ediapi\/wp\/v2\/media?parent=158468"}],"wp:term":[{"taxonomy":"category","embeddable":true,"href":"https:\/\/staging.ivg.it\/ediapi\/wp\/v2\/categories?post=158468"},{"taxonomy":"post_tag","embeddable":true,"href":"https:\/\/staging.ivg.it\/ediapi\/wp\/v2\/tags?post=158468"}],"curies":[{"name":"wp","href":"https:\/\/api.w.org\/{rel}","templated":true}]}}