{"id":158348,"date":"2011-05-03T18:24:22","date_gmt":"2011-05-03T16:24:22","guid":{"rendered":"http:\/\/www.ivg.it\/?p=158348"},"modified":"2011-05-03T18:36:50","modified_gmt":"2011-05-03T16:36:50","slug":"elezioni-leurodeputata-lara-comi-in-visita-a-loano-e-savona-per-sostenere-pignocca-e-marson","status":"publish","type":"post","link":"https:\/\/staging.ivg.it\/2011\/05\/elezioni-leurodeputata-lara-comi-in-visita-a-loano-e-savona-per-sostenere-pignocca-e-marson\/","title":{"rendered":"Elezioni, l\u2019eurodeputata Lara Comi in visita a Loano e Savona per sostenere Pignocca e Marson"},"content":{"rendered":"<p><strong>Loano\/Savona<\/strong>. Mercoled\u00ec 4 Maggio l&#8217;eurodeputata Lara Comi far\u00e0 visita nella mattinata a Loano per sostenere il candidato sindaco Luigi Pignocca e nel primo pomeriggio si trasferir\u00e0 a Savona, dove il coordinamento provinciale dei giovani del Pdl  ha organizzato un aperitivo elettorale alle 12.15 al Cru 14 in Calata Pietro Sbarbaro, per sostenere la candidatura di Paolo Marson e la lista &#8220;Giovane Savon@&#8221;.<\/p>\n<p>Lara Comi  \u00e8 vicepresidente della commissione IMCO (mercato interno e protezione consumatori), membro della delegazione alla commissione parlamentare mista UE-Messico e della Delegazione all&#8217;Assemblea parlamentare euro-latinoamericana,membro sostituto nella Commissione per l&#8217;industria, la ricerca e l&#8217;energia e nella Delegazione alla commissione di cooperazione parlamentare UE-Russia. Inoltre \u00e8 coordinatrice dei giovani deputati del Partito Popolare Europeo  e vicecoordinatore del Pdl Lombardia-<\/p>\n<p>Dichiara Guido Lugani coordinatore provinciale Pdl giovani: &#8220;Abbiamo apprezzato l&#8217;interessamento che ha avuto l&#8217;On.Lara Comi nei confronti dei giovani del Pdl di Savona, sicuramente qualcosa sta cambiando ed i candidati giovani sono orgogliosi di suscitare sia nella citt\u00e0 e non solo tale sentimento di innovazione&#8221; conclude Lugani &#8220;la strada che tanti ragazzi stanno percorrendo assieme al nostro candidato sindaco Marson \u00e8 quella di poter finalmente cambiare una Savona da troppo tempo umiliata dalla politica delle solite facce note del centro sinistra&#8221;.<\/p>\n","protected":false},"excerpt":{"rendered":"<p>Loano\/Savona. Mercoled\u00ec 4 Maggio l&#8217;eurodeputata Lara Comi far\u00e0 visita nella mattinata a Loano per sostenere il candidato sindaco Luigi Pignocca e nel primo pomeriggio si trasferir\u00e0 a Savona, dove il coordinamento provinciale dei giovani del Pdl ha organizzato un aperitivo elettorale alle 12.15 al Cru 14 in Calata Pietro Sbarbaro, per sostenere la candidatura di [&hellip;]<\/p>\n","protected":false},"author":13744,"featured_media":0,"comment_status":"open","ping_status":"closed","sticky":false,"template":"","format":"standard","meta":{"footnotes":""},"categories":[31],"tags":[218,32102,31328,16536,2999,216,85850],"class_list":["post-158348","post","type-post","status-publish","format-standard","hentry","category-politica","tag-elezioni","tag-elezioni-loano","tag-elezioni-savona","tag-luigi-pignocca","tag-paolo-marson","tag-pdl","tag-savona","post_cat_citta-loano","post_cat_citta-savona"],"amp_validity":null,"amp_enabled":true,"_links":{"self":[{"href":"https:\/\/staging.ivg.it\/ediapi\/wp\/v2\/posts\/158348","targetHints":{"allow":["GET"]}}],"collection":[{"href":"https:\/\/staging.ivg.it\/ediapi\/wp\/v2\/posts"}],"about":[{"href":"https:\/\/staging.ivg.it\/ediapi\/wp\/v2\/types\/post"}],"author":[{"embeddable":true,"href":"https:\/\/staging.ivg.it\/ediapi\/wp\/v2\/users\/13744"}],"replies":[{"embeddable":true,"href":"https:\/\/staging.ivg.it\/ediapi\/wp\/v2\/comments?post=158348"}],"version-history":[{"count":0,"href":"https:\/\/staging.ivg.it\/ediapi\/wp\/v2\/posts\/158348\/revisions"}],"wp:attachment":[{"href":"https:\/\/staging.ivg.it\/ediapi\/wp\/v2\/media?parent=158348"}],"wp:term":[{"taxonomy":"category","embeddable":true,"href":"https:\/\/staging.ivg.it\/ediapi\/wp\/v2\/categories?post=158348"},{"taxonomy":"post_tag","embeddable":true,"href":"https:\/\/staging.ivg.it\/ediapi\/wp\/v2\/tags?post=158348"}],"curies":[{"name":"wp","href":"https:\/\/api.w.org\/{rel}","templated":true}]}}