{"id":158346,"date":"2011-05-03T17:28:42","date_gmt":"2011-05-03T15:28:42","guid":{"rendered":"http:\/\/www.ivg.it\/?p=158346"},"modified":"2011-05-04T11:12:40","modified_gmt":"2011-05-04T09:12:40","slug":"cairo-fumata-nera-sul-cementificio-no-della-unicem-alle-opere-viarie","status":"publish","type":"post","link":"https:\/\/staging.ivg.it\/2011\/05\/cairo-fumata-nera-sul-cementificio-no-della-unicem-alle-opere-viarie\/","title":{"rendered":"Cairo, fumata nera sul cementificio: no della Unicem alle opere viarie"},"content":{"rendered":"<p><strong>Cairo M<\/strong>. Fumata nera nell&#8217;incontro odierno che si \u00e8 svolto presso la Regione Liguria per il cementificio di Cairo Montenotte, nell&#8217;area industriale di Bragno, con al centro lo sblocco della convenzione che prevedeva la realizzazione da parte della societ\u00e0 proprietaria, la Unicem spa, del collegamento viario fino alla variante del Vispa, opera complementare dell&#8217;operazione che aveva portato all&#8217;acquisizione del sito produttivo.<\/p>\n<p>All&#8217;incontro hanno preso parte l&#8217;assessore regionale Renzo Guccinelli, il sindaco di Cairo Montenotte Fulvio Briano ed il direttore generale dell&#8217;azienda Massimo Tosi. Nonostante i tentativi di mediazione dell&#8217;assessore Guccinelli, la Unicem spa ha ribadito la pesante crisi del settore cementizio e l&#8217;impossibilit\u00e0, per ora, di procedere alla progettazione dell&#8217;intervento. Un&#8217;opera giudicata fondamentale invece per l&#8217;amministrazione cairese, non solo per gli accordi sottoscritti, ma anche perch\u00e8 la Regione ha gi\u00e0 dato la sua disponiblit\u00e0 per finanziare l&#8217;intera opera di viabilit\u00e0 che collega i parchi carbone con la stessa variante del Vispa, per questo il tratto intermedio del collegamento, che spetterbbe alla Unicem, diventa decisivo per tutta l&#8217;assetto viario dell&#8217;area industriale cairese.<\/p>\n<p>Il Comune, che aveva gi\u00e0 dato mandato ai propri legali di aprire un contenzioso con la societ\u00e0, ha deciso di attendere, con la deadline del 2013 per la realizzazione dell&#8217;intervento da parte dell&#8217;azienda.<\/p>\n","protected":false},"excerpt":{"rendered":"<p>Cairo M. Fumata nera nell&#8217;incontro odierno che si \u00e8 svolto presso la Regione Liguria per il cementificio di Cairo Montenotte, nell&#8217;area industriale di Bragno, con al centro lo sblocco della convenzione che prevedeva la realizzazione da parte della societ\u00e0 proprietaria, la Unicem spa, del collegamento viario fino alla variante del Vispa, opera complementare dell&#8217;operazione che [&hellip;]<\/p>\n","protected":false},"author":4,"featured_media":0,"comment_status":"open","ping_status":"closed","sticky":false,"template":"","format":"standard","meta":{"footnotes":""},"categories":[35],"tags":[151,2771],"class_list":["post-158346","post","type-post","status-publish","format-standard","hentry","category-economia","tag-cairo","tag-fulvio-briano","post_cat_citta-andora","post_cat_citta-cairo-montenotte"],"amp_validity":null,"amp_enabled":true,"_links":{"self":[{"href":"https:\/\/staging.ivg.it\/ediapi\/wp\/v2\/posts\/158346","targetHints":{"allow":["GET"]}}],"collection":[{"href":"https:\/\/staging.ivg.it\/ediapi\/wp\/v2\/posts"}],"about":[{"href":"https:\/\/staging.ivg.it\/ediapi\/wp\/v2\/types\/post"}],"author":[{"embeddable":true,"href":"https:\/\/staging.ivg.it\/ediapi\/wp\/v2\/users\/4"}],"replies":[{"embeddable":true,"href":"https:\/\/staging.ivg.it\/ediapi\/wp\/v2\/comments?post=158346"}],"version-history":[{"count":0,"href":"https:\/\/staging.ivg.it\/ediapi\/wp\/v2\/posts\/158346\/revisions"}],"wp:attachment":[{"href":"https:\/\/staging.ivg.it\/ediapi\/wp\/v2\/media?parent=158346"}],"wp:term":[{"taxonomy":"category","embeddable":true,"href":"https:\/\/staging.ivg.it\/ediapi\/wp\/v2\/categories?post=158346"},{"taxonomy":"post_tag","embeddable":true,"href":"https:\/\/staging.ivg.it\/ediapi\/wp\/v2\/tags?post=158346"}],"curies":[{"name":"wp","href":"https:\/\/api.w.org\/{rel}","templated":true}]}}