{"id":158336,"date":"2011-05-03T17:13:11","date_gmt":"2011-05-03T15:13:11","guid":{"rendered":"http:\/\/www.ivg.it\/?p=158336"},"modified":"2011-05-04T09:49:39","modified_gmt":"2011-05-04T07:49:39","slug":"tribunale-di-albenga-carenza-di-personale-appello-dellassessore-vannucci-ai-comuni-del-ponente","status":"publish","type":"post","link":"https:\/\/staging.ivg.it\/2011\/05\/tribunale-di-albenga-carenza-di-personale-appello-dellassessore-vannucci-ai-comuni-del-ponente\/","title":{"rendered":"Tribunale di Albenga, carenza di personale: appello dell\u2019assessore Vannucci ai comuni del ponente"},"content":{"rendered":"<p><strong>Albenga.<\/strong> Un appello rivolto in primis da avvocato, da persona che vive i tribunali, ma anche in qualit\u00e0 di assessore del Comune di Albenga. Mauro Vannucci, con una lettera, ha indirizzato\u00a0 un messaggio ai comuni del ponente e del comprensorio per la cronica carenza di organico che affligge il Tribunale di Albenga.<\/p>\n<p>&#8220;Il Tribunale di Albenga da tempo si trova in sofferenza sia per quanto riguarda il personale giudicante sia per quanto riguarda il personale impiegatizio. Le Cancellerie civili e penali nonch\u00e9 quella del Giudice di Pace, infatti, non riescono pi\u00f9 a smaltire il carico di lavoro che ogni giorno cresce sempre pi\u00f9&#8221; afferma Vannucci.<\/p>\n<p>&#8220;Ad oggi soltanto il Comune di Albenga, con tre dipendenti, ed il Comune di Laigueglia, con un dipendente, hanno contribuito a supportare le problematiche relative alla carenza di personale. Chiedo alle amministrazioni delle citt\u00e0 interessate di verificare le rispettive piante organiche per poter trasferireanche provvisoriamente, un impiegato presso gli Uffici del Tribunale ingauno&#8221; aggiunge Vannucci.<\/p>\n<p>&#8220;Viste le imminenti elezioni nelle importanti citt\u00e0 di Alassio e Loano, chiedo ai rispettivi candidati a sindaco di comunicare i loro propositi circa la problematica del Tribunale&#8221; conclude l&#8217;avvocato ed assessore comunale Vannucci.<\/p>\n","protected":false},"excerpt":{"rendered":"<p>Albenga. Un appello rivolto in primis da avvocato, da persona che vive i tribunali, ma anche in qualit\u00e0 di assessore del Comune di Albenga. Mauro Vannucci, con una lettera, ha indirizzato\u00a0 un messaggio ai comuni del ponente e del comprensorio per la cronica carenza di organico che affligge il Tribunale di Albenga. &#8220;Il Tribunale di [&hellip;]<\/p>\n","protected":false},"author":13744,"featured_media":0,"comment_status":"open","ping_status":"closed","sticky":false,"template":"","format":"standard","meta":{"footnotes":""},"categories":[],"tags":[22577],"class_list":["post-158336","post","type-post","status-publish","format-standard","hentry","tag-tribunale-di-albenga","post_cat_citta-albenga","post_cat_citta-andora"],"amp_validity":null,"amp_enabled":true,"_links":{"self":[{"href":"https:\/\/staging.ivg.it\/ediapi\/wp\/v2\/posts\/158336","targetHints":{"allow":["GET"]}}],"collection":[{"href":"https:\/\/staging.ivg.it\/ediapi\/wp\/v2\/posts"}],"about":[{"href":"https:\/\/staging.ivg.it\/ediapi\/wp\/v2\/types\/post"}],"author":[{"embeddable":true,"href":"https:\/\/staging.ivg.it\/ediapi\/wp\/v2\/users\/13744"}],"replies":[{"embeddable":true,"href":"https:\/\/staging.ivg.it\/ediapi\/wp\/v2\/comments?post=158336"}],"version-history":[{"count":0,"href":"https:\/\/staging.ivg.it\/ediapi\/wp\/v2\/posts\/158336\/revisions"}],"wp:attachment":[{"href":"https:\/\/staging.ivg.it\/ediapi\/wp\/v2\/media?parent=158336"}],"wp:term":[{"taxonomy":"category","embeddable":true,"href":"https:\/\/staging.ivg.it\/ediapi\/wp\/v2\/categories?post=158336"},{"taxonomy":"post_tag","embeddable":true,"href":"https:\/\/staging.ivg.it\/ediapi\/wp\/v2\/tags?post=158336"}],"curies":[{"name":"wp","href":"https:\/\/api.w.org\/{rel}","templated":true}]}}