{"id":157362,"date":"2011-04-29T14:16:35","date_gmt":"2011-04-29T12:16:35","guid":{"rendered":"http:\/\/www.ivg.it\/?p=157362"},"modified":"2011-04-30T08:21:08","modified_gmt":"2011-04-30T06:21:08","slug":"treni-soppressi-prosegue-linchiesta-si-ipotizza-il-dolo-eventuale","status":"publish","type":"post","link":"https:\/\/staging.ivg.it\/2011\/04\/treni-soppressi-prosegue-linchiesta-si-ipotizza-il-dolo-eventuale\/","title":{"rendered":"Treni soppressi, prosegue l\u2019inchiesta: si ipotizza il \u201cdolo eventuale\u201d"},"content":{"rendered":"<p><strong>Savona.<\/strong> Prosegue a ritmo serrato l&#8217;inchiesta della Procura della Repubblica di Savona sui treni soppressi, nell&#8217;ambito di un filone di inchiesta unificato che sta passando al setaccio tutti i convogli soppressi o in ritardo, tali da poter ipotizzare il reato di interruzione di pubblico servizio. Oltre una ventina i casi fino ad ora esaminati dagli organi inquirenti che hanno disposto in questi giorni ulteriori accertamenti e stanno acquisendo ulteriore documentazione al fine di chiudere il cerchio sull&#8217;inchiesta. Il periodo \u00e8 quello che va dalla fine del 2010 ai primi mesi del 2011. La Procura indaga al momento contro ignoti.<\/p>\n<p>La vera novit\u00e0 trapelata oggi \u00e8 che, anche alla luce della recente sentenza della Thyssen a Torino, anzich\u00e8 la matrice colposa, per il reato ipotizzato si potrebbe profilare la natura dolosa, ovvero una colpa cosciente nella soppressione dei treni con la piena consapevolezza e responsabilit\u00e0 nell&#8217;aver interrotto un pubblico servizio.<\/p>\n","protected":false},"excerpt":{"rendered":"<p>Savona. Prosegue a ritmo serrato l&#8217;inchiesta della Procura della Repubblica di Savona sui treni soppressi, nell&#8217;ambito di un filone di inchiesta unificato che sta passando al setaccio tutti i convogli soppressi o in ritardo, tali da poter ipotizzare il reato di interruzione di pubblico servizio. Oltre una ventina i casi fino ad ora esaminati dagli [&hellip;]<\/p>\n","protected":false},"author":13744,"featured_media":0,"comment_status":"open","ping_status":"closed","sticky":false,"template":"","format":"standard","meta":{"footnotes":""},"categories":[34],"tags":[27295,85850,24616],"class_list":["post-157362","post","type-post","status-publish","format-standard","hentry","category-cronaca","tag-dolo","tag-savona","tag-treni-soppressi","post_cat_citta-andora","post_cat_citta-savona"],"amp_validity":null,"amp_enabled":true,"_links":{"self":[{"href":"https:\/\/staging.ivg.it\/ediapi\/wp\/v2\/posts\/157362","targetHints":{"allow":["GET"]}}],"collection":[{"href":"https:\/\/staging.ivg.it\/ediapi\/wp\/v2\/posts"}],"about":[{"href":"https:\/\/staging.ivg.it\/ediapi\/wp\/v2\/types\/post"}],"author":[{"embeddable":true,"href":"https:\/\/staging.ivg.it\/ediapi\/wp\/v2\/users\/13744"}],"replies":[{"embeddable":true,"href":"https:\/\/staging.ivg.it\/ediapi\/wp\/v2\/comments?post=157362"}],"version-history":[{"count":0,"href":"https:\/\/staging.ivg.it\/ediapi\/wp\/v2\/posts\/157362\/revisions"}],"wp:attachment":[{"href":"https:\/\/staging.ivg.it\/ediapi\/wp\/v2\/media?parent=157362"}],"wp:term":[{"taxonomy":"category","embeddable":true,"href":"https:\/\/staging.ivg.it\/ediapi\/wp\/v2\/categories?post=157362"},{"taxonomy":"post_tag","embeddable":true,"href":"https:\/\/staging.ivg.it\/ediapi\/wp\/v2\/tags?post=157362"}],"curies":[{"name":"wp","href":"https:\/\/api.w.org\/{rel}","templated":true}]}}