{"id":156927,"date":"2011-04-28T11:03:28","date_gmt":"2011-04-28T09:03:28","guid":{"rendered":"http:\/\/www.ivg.it\/?p=156927"},"modified":"2011-04-28T15:54:18","modified_gmt":"2011-04-28T13:54:18","slug":"quiliano-presentato-il-bilancio-sull%e2%80%99attivita-dei-servizi-sociali-nel-2010","status":"publish","type":"post","link":"https:\/\/staging.ivg.it\/2011\/04\/quiliano-presentato-il-bilancio-sull%e2%80%99attivita-dei-servizi-sociali-nel-2010\/","title":{"rendered":"Quiliano, presentato il bilancio sull\u2019attivit\u00e0 dei servizi sociali nel 2010"},"content":{"rendered":"<p><strong>Quiliano<\/strong>. Dopo l\u2019approvazione del Bilancio e del Piano Esecutivo di Gestione l\u2019Amministrazione Comunale quilianese si appresta a stendere un Bilancio delle attivit\u00e0 condotte a termine nell\u2019esercizio 2010. &#8220;Il consuntivo parte dal settore maggiormente penalizzato dai pesanti venti di crisi che stabilmente spirano sul nostro paese: i servizi sociali&#8221; spiega l&#8217;assessore Pierluigi Lavazelli che ha la delega per questo settore.<\/p>\n<p>&#8220;L\u2019opinione degli amministratori \u00e8 che al di l\u00e0 delle ingenti difficolt\u00e0 incontrate, i servizi resi ai cittadini &#8216;abbiano tenuto&#8217; bene alle bordate dei tagli, mantenendo un buon livello di qualit\u00e0. Sono infatti proseguite le attivit\u00e0 a livello comunale, di Ambito e Distrettuale, con la prosecuzione dei servizi erogati in precedenza, tra cui il servizio infermieristico nelle frazioni, effettuato in convenzione con l\u2019AUSER, i soggiorni climatici per i cittadini meno giovani, l\u2019attivit\u00e0 del servizio Informagiovani, con un costante incremento degli accessi e i corsi di lingua italiana per stranieri della Biblioteca Civica. Nel gennaio 2010 \u00e8 inoltre iniziato il servizio di Asilo Nido, attraverso la convenzione stipulata con una cooperativa sociale&#8221; spiegano dal Comune.<\/p>\n<p>&#8220;Il servizio prevedeva in fase iniziale la frequenza di 20 bambini e la copertura di parte dei costi di gestione da parte del Comune ma, avendo la struttura ottenuto l\u2019autorizzazione al funzionamento sino a un numero massimo di 28 bambini e considerata l\u2019esistenza di una consistente lista d\u2019attesa, \u00e8 stata concordata con la cooperativa incaricata della gestione la possibilit\u00e0  di inserimento di altri bimbi residenti, senza aggravio della spesa a carico del Comune e con rette agevolate per le famiglie. Nel mese di febbraio 2010 ha ripreso l\u2019attivit\u00e0 il Centro Diurno per diversamente abili; il Centro, collocato in un\u2019ala dell\u2019Istituto Scolastico Comprensivo di via Valleggia Superiore e sede operativa del progetto &#8216;Sinergie per la disabilit\u00e0&#8217; condiviso dalla Cooperativa \u201cIl Faggio\u201d di Savona, che ne gestisce gli spazi come centro diurno e dall\u2019Isforcoop di Savona, per attivit\u00e0 formative rivolte a soggetti svantaggiati&#8221; proseguono ancora dall&#8217;amministrazione comunale.<\/p>\n<p>&#8220;Nello stesso periodo il Centro ha iniziato ad ospitare anche l\u2019attivit\u00e0 del Centro di aggregazione giovanile per ragazzi in et\u00e0  pre\u2013adolescenziale e adolescenziale. L\u2019iniziativa \u00e8 stata accolta da un largo consenso tra i ragazzi residenti, testimoniato da una presenza media di 20 ragazzi nei due pomeriggi di apertura settimanale. La volont\u00e0 di promuovere tra i cittadini uno stile di vita consapevole e corretto \u00e8 stata alla base della decisione di organizzare alcune iniziative in collaborazione con l\u2019ASL 2 Savonese, tra cui il convegno &#8216;Prevenzione degli incidenti domestici'&#8221; concludono dal Comune.<\/p>\n","protected":false},"excerpt":{"rendered":"<p>Quiliano. Dopo l\u2019approvazione del Bilancio e del Piano Esecutivo di Gestione l\u2019Amministrazione Comunale quilianese si appresta a stendere un Bilancio delle attivit\u00e0 condotte a termine nell\u2019esercizio 2010. &#8220;Il consuntivo parte dal settore maggiormente penalizzato dai pesanti venti di crisi che stabilmente spirano sul nostro paese: i servizi sociali&#8221; spiega l&#8217;assessore Pierluigi Lavazelli che ha la [&hellip;]<\/p>\n","protected":false},"author":13744,"featured_media":0,"comment_status":"open","ping_status":"closed","sticky":false,"template":"","format":"standard","meta":{"footnotes":""},"categories":[56],"tags":[1360,85860,1835],"class_list":["post-156927","post","type-post","status-publish","format-standard","hentry","category-altre","tag-bilancio","tag-quiliano","tag-servizi-sociali","post_cat_citta-quiliano"],"amp_validity":null,"amp_enabled":true,"_links":{"self":[{"href":"https:\/\/staging.ivg.it\/ediapi\/wp\/v2\/posts\/156927","targetHints":{"allow":["GET"]}}],"collection":[{"href":"https:\/\/staging.ivg.it\/ediapi\/wp\/v2\/posts"}],"about":[{"href":"https:\/\/staging.ivg.it\/ediapi\/wp\/v2\/types\/post"}],"author":[{"embeddable":true,"href":"https:\/\/staging.ivg.it\/ediapi\/wp\/v2\/users\/13744"}],"replies":[{"embeddable":true,"href":"https:\/\/staging.ivg.it\/ediapi\/wp\/v2\/comments?post=156927"}],"version-history":[{"count":0,"href":"https:\/\/staging.ivg.it\/ediapi\/wp\/v2\/posts\/156927\/revisions"}],"wp:attachment":[{"href":"https:\/\/staging.ivg.it\/ediapi\/wp\/v2\/media?parent=156927"}],"wp:term":[{"taxonomy":"category","embeddable":true,"href":"https:\/\/staging.ivg.it\/ediapi\/wp\/v2\/categories?post=156927"},{"taxonomy":"post_tag","embeddable":true,"href":"https:\/\/staging.ivg.it\/ediapi\/wp\/v2\/tags?post=156927"}],"curies":[{"name":"wp","href":"https:\/\/api.w.org\/{rel}","templated":true}]}}