{"id":156816,"date":"2011-04-27T19:22:41","date_gmt":"2011-04-27T17:22:41","guid":{"rendered":"http:\/\/www.ivg.it\/?p=156816"},"modified":"2011-04-27T19:43:10","modified_gmt":"2011-04-27T17:43:10","slug":"euroflora-burlando-a-convegno-coldiretti-gli-ogm-non-servono","status":"publish","type":"post","link":"https:\/\/staging.ivg.it\/2011\/04\/euroflora-burlando-a-convegno-coldiretti-gli-ogm-non-servono\/","title":{"rendered":"Euroflora, Burlando a convegno Coldiretti: &#8220;Gli Ogm non servono&#8221;"},"content":{"rendered":"<p><strong>Liguria.<\/strong> Meno quantit\u00e0 e pi\u00f9 qualit\u00e0 per l&#8217;agricoltura ligure, per la quale non servono perci\u00f2 gli Ogm ma, piuttosto, una valorizzazione del territorio basata sulle antiche tradizioni. E&#8217; la posizione del presidente della Regione Liguria Claudio Burlando sul futuro del settore espressa a un convegno di Coldiretti a Euroflora.<\/p>\n<p>&#8220;L&#8217;agricoltura \u00e8 faticosa ma sicura, non sparisce da un giorno all&#8217;altro come certe operazioni finanziarie &#8211; ha detto Burlando -. Un dato positivo \u00e8 la crescita di una nuova generazione di agricoltori, non necessariamente figli di altri coltivatori ma il futuro, in una territorio piccolo e delicato come il nostro, deve passare per la valorizzazione dei prodotti attraverso le antiche tradizioni. Difficile pensare agli ogm in Liguria&#8221;. &#8220;Pi\u00f9 che quantit\u00e0 &#8211; ha aggiunto Burlando &#8211; servono qualit\u00e0 forti. Il territorio ligure \u00e8 molto faticoso e rende meno, ma \u00e8 necessario non abbandonarlo anche perch\u00e9 la presenza degli agricoltori, in una regione che \u00e8 coperta per il 70% da boschi, aiuta a prevenire incendi e frane&#8221;.<\/p>\n","protected":false},"excerpt":{"rendered":"<p>Liguria. Meno quantit\u00e0 e pi\u00f9 qualit\u00e0 per l&#8217;agricoltura ligure, per la quale non servono perci\u00f2 gli Ogm ma, piuttosto, una valorizzazione del territorio basata sulle antiche tradizioni. E&#8217; la posizione del presidente della Regione Liguria Claudio Burlando sul futuro del settore espressa a un convegno di Coldiretti a Euroflora. &#8220;L&#8217;agricoltura \u00e8 faticosa ma sicura, non [&hellip;]<\/p>\n","protected":false},"author":13744,"featured_media":0,"comment_status":"open","ping_status":"closed","sticky":false,"template":"","format":"standard","meta":{"footnotes":""},"categories":[35],"tags":[284,1664,18393,223],"class_list":["post-156816","post","type-post","status-publish","format-standard","hentry","category-economia","tag-claudio-burlando","tag-coldiretti","tag-ogm","tag-regione-liguria","post_cat_citta-andora"],"amp_validity":null,"amp_enabled":true,"_links":{"self":[{"href":"https:\/\/staging.ivg.it\/ediapi\/wp\/v2\/posts\/156816","targetHints":{"allow":["GET"]}}],"collection":[{"href":"https:\/\/staging.ivg.it\/ediapi\/wp\/v2\/posts"}],"about":[{"href":"https:\/\/staging.ivg.it\/ediapi\/wp\/v2\/types\/post"}],"author":[{"embeddable":true,"href":"https:\/\/staging.ivg.it\/ediapi\/wp\/v2\/users\/13744"}],"replies":[{"embeddable":true,"href":"https:\/\/staging.ivg.it\/ediapi\/wp\/v2\/comments?post=156816"}],"version-history":[{"count":0,"href":"https:\/\/staging.ivg.it\/ediapi\/wp\/v2\/posts\/156816\/revisions"}],"wp:attachment":[{"href":"https:\/\/staging.ivg.it\/ediapi\/wp\/v2\/media?parent=156816"}],"wp:term":[{"taxonomy":"category","embeddable":true,"href":"https:\/\/staging.ivg.it\/ediapi\/wp\/v2\/categories?post=156816"},{"taxonomy":"post_tag","embeddable":true,"href":"https:\/\/staging.ivg.it\/ediapi\/wp\/v2\/tags?post=156816"}],"curies":[{"name":"wp","href":"https:\/\/api.w.org\/{rel}","templated":true}]}}